{"id":16855,"date":"2025-11-06T12:46:45","date_gmt":"2025-11-06T15:46:45","guid":{"rendered":"https:\/\/hostnetart.com.br\/baixada\/edital-de-convocacao-assembleia-extraordinaria-especifica\/"},"modified":"2025-11-06T12:46:45","modified_gmt":"2025-11-06T15:46:45","slug":"edital-de-convocacao-assembleia-extraordinaria-especifica","status":"publish","type":"post","link":"https:\/\/hostnetart.com.br\/baixada\/edital-de-convocacao-assembleia-extraordinaria-especifica\/","title":{"rendered":"EDITAL DE CONVOCA\u00c7\u00c3O  ASSEMBLEIA EXTRAORDIN\u00c1RIA ESPEC\u00cdFICA &#8211; CAIXA"},"content":{"rendered":"<\/p>\n","protected":false},"excerpt":{"rendered":"","protected":false},"author":1,"featured_media":16854,"comment_status":"","ping_status":"","sticky":false,"template":"","format":"standard","meta":{"footnotes":""},"categories":[7],"tags":[],"class_list":["post-16855","post","type-post","status-publish","format-standard","has-post-thumbnail","hentry","category-edital"],"_links":{"self":[{"href":"https:\/\/hostnetart.com.br\/baixada\/wp-json\/wp\/v2\/posts\/16855","targetHints":{"allow":["GET"]}}],"collection":[{"href":"https:\/\/hostnetart.com.br\/baixada\/wp-json\/wp\/v2\/posts"}],"about":[{"href":"https:\/\/hostnetart.com.br\/baixada\/wp-json\/wp\/v2\/types\/post"}],"author":[{"embeddable":true,"href":"https:\/\/hostnetart.com.br\/baixada\/wp-json\/wp\/v2\/users\/1"}],"replies":[{"embeddable":true,"href":"https:\/\/hostnetart.com.br\/baixada\/wp-json\/wp\/v2\/comments?post=16855"}],"version-history":[{"count":0,"href":"https:\/\/hostnetart.com.br\/baixada\/wp-json\/wp\/v2\/posts\/16855\/revisions"}],"wp:featuredmedia":[{"embeddable":true,"href":"https:\/\/hostnetart.com.br\/baixada\/wp-json\/wp\/v2\/media\/16854"}],"wp:attachment":[{"href":"https:\/\/hostnetart.com.br\/baixada\/wp-json\/wp\/v2\/media?parent=16855"}],"wp:term":[{"taxonomy":"category","embeddable":true,"href":"https:\/\/hostnetart.com.br\/baixada\/wp-json\/wp\/v2\/categories?post=16855"},{"taxonomy":"post_tag","embeddable":true,"href":"https:\/\/hostnetart.com.br\/baixada\/wp-json\/wp\/v2\/tags?post=16855"}],"curies":[{"name":"wp","href":"https:\/\/api.w.org\/{rel}","templated":true}]}}