{"id":16847,"date":"2025-10-30T12:59:28","date_gmt":"2025-10-30T15:59:28","guid":{"rendered":"https:\/\/hostnetart.com.br\/baixada\/apos-cobranca-do-movimento-sindical-bb-retoma-substituicoes-temporarias\/"},"modified":"2025-10-30T12:59:28","modified_gmt":"2025-10-30T15:59:28","slug":"apos-cobranca-do-movimento-sindical-bb-retoma-substituicoes-temporarias","status":"publish","type":"post","link":"https:\/\/hostnetart.com.br\/baixada\/apos-cobranca-do-movimento-sindical-bb-retoma-substituicoes-temporarias\/","title":{"rendered":"Ap\u00f3s cobran\u00e7a do movimento sindical, BB retoma substitui\u00e7\u00f5es tempor\u00e1rias"},"content":{"rendered":"<p>Diante da press\u00e3o do movimento sindical e da mobiliza\u00e7\u00e3o dos funcion\u00e1rios em todo o pa\u00eds, o Banco do Brasil informou, em reuni\u00e3o realizada no final da tarde desta quarta-feira (29), que as substitui\u00e7\u00f5es tempor\u00e1rias voltar\u00e3o a ser autorizadas a partir de novembro. A decis\u00e3o representa uma importante vit\u00f3ria do\u00a0<a href=\"https:\/\/contrafcut.com.br\/noticias\/dia-nacional-de-luta-no-banco-do-brasil-mobiliza-trabalhadores-em-todo-o-pais-contra-retirada-de-direitos\/\">Dia Nacional de Luta, realizado em 22 de outubro<\/a>.<\/p>\n<p>O movimento sindical pressionava a dire\u00e7\u00e3o do BB desde que\u00a0<a href=\"https:\/\/contrafcut.com.br\/noticias\/bb-mais-um-golpe-nos-funcionarios-do-varejo\/\">o banco comunicou, no in\u00edcio de outubro, a proibi\u00e7\u00e3o de os gerentes da rede acionarem a substitui\u00e7\u00e3o tempor\u00e1ria nos meses de novembro e dezembro \u2014 medida que, na pr\u00e1tica, impedia a designa\u00e7\u00e3o de funcion\u00e1rios para cobrir colegas em f\u00e9rias, abonos ou licen\u00e7as m\u00e9dicas<\/a>.<\/p>\n<p>Em 2023, o retorno das substitui\u00e7\u00f5es foi celebrado como uma conquista hist\u00f3rica da categoria, fruto de anos de luta. Por isso, a decis\u00e3o do banco de suspender novamente o mecanismo gerou grande indigna\u00e7\u00e3o entre os trabalhadores, que a consideraram um retrocesso. A justificativa do BB foi a necessidade de &#8220;controle e racionaliza\u00e7\u00e3o das despesas administrativas&#8221;.<\/p>\n<p>Com a mobiliza\u00e7\u00e3o e o di\u00e1logo conduzido pela Comiss\u00e3o de Empresa dos Funcion\u00e1rios do Banco do Brasil (CEBB), o banco reverteu a orienta\u00e7\u00e3o e confirmou a retomada das substitui\u00e7\u00f5es j\u00e1 em novembro. Quanto a dezembro, a institui\u00e7\u00e3o afirmou que nunca houve previs\u00e3o de substitui\u00e7\u00f5es para esse m\u00eas. No entanto, o tema permanecer\u00e1 como uma reivindica\u00e7\u00e3o da representa\u00e7\u00e3o dos trabalhadores.<\/p>\n<p>&#8220;Valorizamos que o banco tenha recuado dessa decis\u00e3o, tomada sem qualquer negocia\u00e7\u00e3o com a representa\u00e7\u00e3o dos trabalhadores. Seguiremos cobrando que as substitui\u00e7\u00f5es tamb\u00e9m sejam garantidas em dezembro, pois \u00e9 justo que os trabalhadores recebam pelo trabalho que efetivamente exercem\u201d, afirma Fernanda Lopes, coordenadora da CEBB.<\/p>\n<p>O Banco do Brasil tamb\u00e9m negou qualquer orienta\u00e7\u00e3o para impedir que os funcion\u00e1rios tirem f\u00e9rias. \u201cOs funcion\u00e1rios que cancelaram as f\u00e9rias em novembro poder\u00e3o voltar a agend\u00e1-las. E se tiverem dificuldade, orientamos que procurem seus sindicatos\u201d, refor\u00e7ou Fernanda.<\/p>\n<p>A CEBB cobrou veementemente o agendamento de uma mesa de negocia\u00e7\u00e3o para tratar com seriedade as metas no BB, que hoje s\u00e3o o maior problema relatado pelos trabalhadores. &#8220;O banco concordou com a mesa para debate de metas, j\u00e1 que atualmente poucas unidades conseguem cumprir alguns indicadores, o que gera preocupa\u00e7\u00e3o nos trabalhadores e deixa o ambiente de trabalho muito ruim&#8221;.<\/p>\n<p>Tamb\u00e9m foram levantadas as pautas da manuten\u00e7\u00e3o da jornada de trabalho de 6 horas, da volta da ajuda de custo de deslocamento para as PSOs e da retomada do debate de custeio da Cassi.<\/p>\n<p><strong>Fonte: Contraf-CUT<\/strong><\/p>\n","protected":false},"excerpt":{"rendered":"<p>Diante da press\u00e3o do movimento sindical e da mobiliza\u00e7\u00e3o dos funcion\u00e1rios em todo o pa\u00eds, o Banco do Brasil informou, em reuni\u00e3o realizada no final da tarde desta quarta-feira (29), que as substitui\u00e7\u00f5es tempor\u00e1rias voltar\u00e3o a ser autorizadas a partir de novembro. A decis\u00e3o representa uma importante vit\u00f3ria do\u00a0Dia Nacional de Luta, realizado em 22 [&hellip;]<\/p>\n","protected":false},"author":2,"featured_media":16846,"comment_status":"","ping_status":"","sticky":false,"template":"","format":"standard","meta":{"footnotes":""},"categories":[3],"tags":[],"class_list":["post-16847","post","type-post","status-publish","format-standard","has-post-thumbnail","hentry","category-noticias"],"_links":{"self":[{"href":"https:\/\/hostnetart.com.br\/baixada\/wp-json\/wp\/v2\/posts\/16847","targetHints":{"allow":["GET"]}}],"collection":[{"href":"https:\/\/hostnetart.com.br\/baixada\/wp-json\/wp\/v2\/posts"}],"about":[{"href":"https:\/\/hostnetart.com.br\/baixada\/wp-json\/wp\/v2\/types\/post"}],"author":[{"embeddable":true,"href":"https:\/\/hostnetart.com.br\/baixada\/wp-json\/wp\/v2\/users\/2"}],"replies":[{"embeddable":true,"href":"https:\/\/hostnetart.com.br\/baixada\/wp-json\/wp\/v2\/comments?post=16847"}],"version-history":[{"count":0,"href":"https:\/\/hostnetart.com.br\/baixada\/wp-json\/wp\/v2\/posts\/16847\/revisions"}],"wp:featuredmedia":[{"embeddable":true,"href":"https:\/\/hostnetart.com.br\/baixada\/wp-json\/wp\/v2\/media\/16846"}],"wp:attachment":[{"href":"https:\/\/hostnetart.com.br\/baixada\/wp-json\/wp\/v2\/media?parent=16847"}],"wp:term":[{"taxonomy":"category","embeddable":true,"href":"https:\/\/hostnetart.com.br\/baixada\/wp-json\/wp\/v2\/categories?post=16847"},{"taxonomy":"post_tag","embeddable":true,"href":"https:\/\/hostnetart.com.br\/baixada\/wp-json\/wp\/v2\/tags?post=16847"}],"curies":[{"name":"wp","href":"https:\/\/api.w.org\/{rel}","templated":true}]}}