{"id":16845,"date":"2025-10-29T20:20:17","date_gmt":"2025-10-29T23:20:17","guid":{"rendered":"https:\/\/hostnetart.com.br\/baixada\/sindicato-participa-de-ciclo-de-palestras-promovido-pela-fetraf-rj-es\/"},"modified":"2025-10-29T20:20:17","modified_gmt":"2025-10-29T23:20:17","slug":"sindicato-participa-de-ciclo-de-palestras-promovido-pela-fetraf-rj-es","status":"publish","type":"post","link":"https:\/\/hostnetart.com.br\/baixada\/sindicato-participa-de-ciclo-de-palestras-promovido-pela-fetraf-rj-es\/","title":{"rendered":"Sindicato participa de ciclo de palestras promovido pela Fetraf RJ\/ES"},"content":{"rendered":"<p>Nos dias <strong>29 e 30 de outubro<\/strong>, o Sindicato dos Banc\u00e1rios da Baixada Fluminense participa de um ciclo de palestras, promovido\u00a0pela Federac\u0327a\u0303o dos Trabalhadores do Ramo Financeiro dos Estados do Rio de Janeiro e Espi\u0301rito Santo (<strong>Fetraf<\/strong> <strong>RJ\/ES<\/strong>).<\/p>\n<p>O evento, que acontece de forma h\u00edbrida, ir\u00e1\u00a0discutir e debater quest\u00f5es atuais da categoria banc\u00e1ria, desafios para o futuro, fortalecimento da atua\u00e7\u00e3o sindical, al\u00e9m da capacita\u00e7\u00e3o de diretoras e diretores presentes.<\/p>\n<p>O\u00a0Sindicato estar\u00e1 representado, presencialmente, pelos diretores: Pedro Batista, Renata Soeiro, Roberto Domingos, Ricardo de S\u00e1, Elizabeth Paradela e Fernando Correia. E os diretores Newton Fran\u00e7a e Cl\u00e1udio Leite Leal, tamb\u00e9m, participaram virtualmente.<\/p>\n<p><strong>Dr. Ant\u00f4nio Megale<\/strong>, advogado sindical e s\u00f3cio da LBS Advogadas e Advogados, foi o convidado desta quarta-feira (29\/10).<\/p>\n<p>J\u00e1 na quinta-feira (30\/10), a convidada ser\u00e1 a\u00a0<strong>Dr\u00aa Cristiane Hart<\/strong>, do Escrit\u00f3rio REVIR, de Chapec\u00f3\/SC.<\/p>\n<p>O evento tamb\u00e9m contou com a participa\u00e7\u00e3o do <strong>Dr.\u00a0Murilo Baptista<\/strong>, do escrit\u00f3rio Baptista e Reis Adv. Associados, que representa a Federa\u00e7\u00e3o no \u00e2mbito jur\u00eddico.<\/p>\n<p>As palestras ocorrem no audit\u00f3rio da Fetraf RJ\/ES, no Centro do Rio de Janeiro, e contam com a participa\u00e7\u00e3o de representantes dos 7 sindicatos filiados \u00e0 entidade:\u00a0<strong>Angra dos Reis e Regi\u00e3o, Baixada Fluminense, Esp\u00edrito Santo, Itaperuna e Regi\u00e3o, Maca\u00e9 e Regi\u00e3o, Nova Friburgo e Regi\u00e3o e Tr\u00eas Rios e Regi\u00e3o<\/strong>.<\/p>\n<p><img fetchpriority=\"high\" decoding=\"async\" class=\"alignnone size-full wp-image-28804\" src=\"https:\/\/fetrafrjes.org.br\/wp-content\/uploads\/2025\/10\/IMG_7270-scaled.jpeg\" sizes=\"(max-width: 2560px) 100vw, 2560px\" srcset=\"https:\/\/fetrafrjes.org.br\/wp-content\/uploads\/2025\/10\/IMG_7270-scaled.jpeg 2560w, https:\/\/fetrafrjes.org.br\/wp-content\/uploads\/2025\/10\/IMG_7270-600x450.jpeg 600w, https:\/\/fetrafrjes.org.br\/wp-content\/uploads\/2025\/10\/IMG_7270-1024x768.jpeg 1024w, https:\/\/fetrafrjes.org.br\/wp-content\/uploads\/2025\/10\/IMG_7270-768x576.jpeg 768w, https:\/\/fetrafrjes.org.br\/wp-content\/uploads\/2025\/10\/IMG_7270-1536x1152.jpeg 1536w, https:\/\/fetrafrjes.org.br\/wp-content\/uploads\/2025\/10\/IMG_7270-2048x1536.jpeg 2048w, https:\/\/fetrafrjes.org.br\/wp-content\/uploads\/2025\/10\/IMG_7270-1200x900.jpeg 1200w, https:\/\/fetrafrjes.org.br\/wp-content\/uploads\/2025\/10\/IMG_7270-1980x1485.jpeg 1980w\" alt=\"\" width=\"2560\" height=\"1920\" \/><img decoding=\"async\" class=\"alignnone size-full wp-image-28805\" src=\"https:\/\/fetrafrjes.org.br\/wp-content\/uploads\/2025\/10\/IMG_7272-scaled.jpeg\" sizes=\"(max-width: 2560px) 100vw, 2560px\" srcset=\"https:\/\/fetrafrjes.org.br\/wp-content\/uploads\/2025\/10\/IMG_7272-scaled.jpeg 2560w, https:\/\/fetrafrjes.org.br\/wp-content\/uploads\/2025\/10\/IMG_7272-600x450.jpeg 600w, https:\/\/fetrafrjes.org.br\/wp-content\/uploads\/2025\/10\/IMG_7272-1024x768.jpeg 1024w, https:\/\/fetrafrjes.org.br\/wp-content\/uploads\/2025\/10\/IMG_7272-768x576.jpeg 768w, https:\/\/fetrafrjes.org.br\/wp-content\/uploads\/2025\/10\/IMG_7272-1536x1152.jpeg 1536w, https:\/\/fetrafrjes.org.br\/wp-content\/uploads\/2025\/10\/IMG_7272-2048x1536.jpeg 2048w, https:\/\/fetrafrjes.org.br\/wp-content\/uploads\/2025\/10\/IMG_7272-1200x900.jpeg 1200w, https:\/\/fetrafrjes.org.br\/wp-content\/uploads\/2025\/10\/IMG_7272-1980x1485.jpeg 1980w\" alt=\"\" width=\"2560\" height=\"1920\" \/><img decoding=\"async\" class=\"alignnone size-full wp-image-28806\" src=\"https:\/\/fetrafrjes.org.br\/wp-content\/uploads\/2025\/10\/IMG_7271-scaled.jpeg\" sizes=\"(max-width: 2560px) 100vw, 2560px\" srcset=\"https:\/\/fetrafrjes.org.br\/wp-content\/uploads\/2025\/10\/IMG_7271-scaled.jpeg 2560w, https:\/\/fetrafrjes.org.br\/wp-content\/uploads\/2025\/10\/IMG_7271-600x450.jpeg 600w, https:\/\/fetrafrjes.org.br\/wp-content\/uploads\/2025\/10\/IMG_7271-1024x768.jpeg 1024w, https:\/\/fetrafrjes.org.br\/wp-content\/uploads\/2025\/10\/IMG_7271-768x576.jpeg 768w, https:\/\/fetrafrjes.org.br\/wp-content\/uploads\/2025\/10\/IMG_7271-1536x1152.jpeg 1536w, https:\/\/fetrafrjes.org.br\/wp-content\/uploads\/2025\/10\/IMG_7271-2048x1536.jpeg 2048w, https:\/\/fetrafrjes.org.br\/wp-content\/uploads\/2025\/10\/IMG_7271-1200x900.jpeg 1200w, https:\/\/fetrafrjes.org.br\/wp-content\/uploads\/2025\/10\/IMG_7271-1980x1485.jpeg 1980w\" alt=\"\" width=\"2560\" height=\"1920\" \/><img loading=\"lazy\" decoding=\"async\" class=\"alignnone size-full wp-image-28807\" src=\"https:\/\/fetrafrjes.org.br\/wp-content\/uploads\/2025\/10\/IMG_7282-scaled.jpeg\" sizes=\"(max-width: 2560px) 100vw, 2560px\" srcset=\"https:\/\/fetrafrjes.org.br\/wp-content\/uploads\/2025\/10\/IMG_7282-scaled.jpeg 2560w, https:\/\/fetrafrjes.org.br\/wp-content\/uploads\/2025\/10\/IMG_7282-600x450.jpeg 600w, https:\/\/fetrafrjes.org.br\/wp-content\/uploads\/2025\/10\/IMG_7282-1024x768.jpeg 1024w, https:\/\/fetrafrjes.org.br\/wp-content\/uploads\/2025\/10\/IMG_7282-768x576.jpeg 768w, https:\/\/fetrafrjes.org.br\/wp-content\/uploads\/2025\/10\/IMG_7282-1536x1152.jpeg 1536w, https:\/\/fetrafrjes.org.br\/wp-content\/uploads\/2025\/10\/IMG_7282-2048x1536.jpeg 2048w, https:\/\/fetrafrjes.org.br\/wp-content\/uploads\/2025\/10\/IMG_7282-1200x900.jpeg 1200w, https:\/\/fetrafrjes.org.br\/wp-content\/uploads\/2025\/10\/IMG_7282-1980x1485.jpeg 1980w\" alt=\"\" width=\"2560\" height=\"1920\" \/><img loading=\"lazy\" decoding=\"async\" class=\"alignnone size-full wp-image-28808\" src=\"https:\/\/fetrafrjes.org.br\/wp-content\/uploads\/2025\/10\/IMG_7279-scaled.jpeg\" sizes=\"(max-width: 2560px) 100vw, 2560px\" srcset=\"https:\/\/fetrafrjes.org.br\/wp-content\/uploads\/2025\/10\/IMG_7279-scaled.jpeg 2560w, https:\/\/fetrafrjes.org.br\/wp-content\/uploads\/2025\/10\/IMG_7279-600x450.jpeg 600w, https:\/\/fetrafrjes.org.br\/wp-content\/uploads\/2025\/10\/IMG_7279-1024x768.jpeg 1024w, https:\/\/fetrafrjes.org.br\/wp-content\/uploads\/2025\/10\/IMG_7279-768x576.jpeg 768w, https:\/\/fetrafrjes.org.br\/wp-content\/uploads\/2025\/10\/IMG_7279-1536x1152.jpeg 1536w, https:\/\/fetrafrjes.org.br\/wp-content\/uploads\/2025\/10\/IMG_7279-2048x1536.jpeg 2048w, https:\/\/fetrafrjes.org.br\/wp-content\/uploads\/2025\/10\/IMG_7279-1200x900.jpeg 1200w, https:\/\/fetrafrjes.org.br\/wp-content\/uploads\/2025\/10\/IMG_7279-1980x1485.jpeg 1980w\" alt=\"\" width=\"2560\" height=\"1920\" \/><img loading=\"lazy\" decoding=\"async\" class=\"alignnone size-full wp-image-28809\" src=\"https:\/\/fetrafrjes.org.br\/wp-content\/uploads\/2025\/10\/IMG_7276-scaled.jpeg\" sizes=\"(max-width: 2560px) 100vw, 2560px\" srcset=\"https:\/\/fetrafrjes.org.br\/wp-content\/uploads\/2025\/10\/IMG_7276-scaled.jpeg 2560w, https:\/\/fetrafrjes.org.br\/wp-content\/uploads\/2025\/10\/IMG_7276-600x450.jpeg 600w, https:\/\/fetrafrjes.org.br\/wp-content\/uploads\/2025\/10\/IMG_7276-1024x768.jpeg 1024w, https:\/\/fetrafrjes.org.br\/wp-content\/uploads\/2025\/10\/IMG_7276-768x576.jpeg 768w, https:\/\/fetrafrjes.org.br\/wp-content\/uploads\/2025\/10\/IMG_7276-1536x1152.jpeg 1536w, https:\/\/fetrafrjes.org.br\/wp-content\/uploads\/2025\/10\/IMG_7276-2048x1536.jpeg 2048w, https:\/\/fetrafrjes.org.br\/wp-content\/uploads\/2025\/10\/IMG_7276-1200x900.jpeg 1200w, https:\/\/fetrafrjes.org.br\/wp-content\/uploads\/2025\/10\/IMG_7276-1980x1485.jpeg 1980w\" alt=\"\" width=\"2560\" height=\"1920\" \/><img loading=\"lazy\" decoding=\"async\" class=\"alignnone size-full wp-image-28810\" src=\"https:\/\/fetrafrjes.org.br\/wp-content\/uploads\/2025\/10\/IMG_7287-scaled.jpeg\" sizes=\"(max-width: 2560px) 100vw, 2560px\" srcset=\"https:\/\/fetrafrjes.org.br\/wp-content\/uploads\/2025\/10\/IMG_7287-scaled.jpeg 2560w, https:\/\/fetrafrjes.org.br\/wp-content\/uploads\/2025\/10\/IMG_7287-600x450.jpeg 600w, https:\/\/fetrafrjes.org.br\/wp-content\/uploads\/2025\/10\/IMG_7287-1024x768.jpeg 1024w, https:\/\/fetrafrjes.org.br\/wp-content\/uploads\/2025\/10\/IMG_7287-768x576.jpeg 768w, https:\/\/fetrafrjes.org.br\/wp-content\/uploads\/2025\/10\/IMG_7287-1536x1152.jpeg 1536w, https:\/\/fetrafrjes.org.br\/wp-content\/uploads\/2025\/10\/IMG_7287-2048x1536.jpeg 2048w, https:\/\/fetrafrjes.org.br\/wp-content\/uploads\/2025\/10\/IMG_7287-1200x900.jpeg 1200w, https:\/\/fetrafrjes.org.br\/wp-content\/uploads\/2025\/10\/IMG_7287-1980x1485.jpeg 1980w\" alt=\"\" width=\"2560\" height=\"1920\" \/><img loading=\"lazy\" decoding=\"async\" class=\"alignnone size-full wp-image-28811\" src=\"https:\/\/fetrafrjes.org.br\/wp-content\/uploads\/2025\/10\/IMG_7293-scaled.jpeg\" sizes=\"(max-width: 2560px) 100vw, 2560px\" srcset=\"https:\/\/fetrafrjes.org.br\/wp-content\/uploads\/2025\/10\/IMG_7293-scaled.jpeg 2560w, https:\/\/fetrafrjes.org.br\/wp-content\/uploads\/2025\/10\/IMG_7293-600x450.jpeg 600w, https:\/\/fetrafrjes.org.br\/wp-content\/uploads\/2025\/10\/IMG_7293-1024x768.jpeg 1024w, https:\/\/fetrafrjes.org.br\/wp-content\/uploads\/2025\/10\/IMG_7293-768x576.jpeg 768w, https:\/\/fetrafrjes.org.br\/wp-content\/uploads\/2025\/10\/IMG_7293-1536x1152.jpeg 1536w, https:\/\/fetrafrjes.org.br\/wp-content\/uploads\/2025\/10\/IMG_7293-2048x1536.jpeg 2048w, https:\/\/fetrafrjes.org.br\/wp-content\/uploads\/2025\/10\/IMG_7293-1200x900.jpeg 1200w, https:\/\/fetrafrjes.org.br\/wp-content\/uploads\/2025\/10\/IMG_7293-1980x1485.jpeg 1980w\" alt=\"\" width=\"2560\" height=\"1920\" \/><img loading=\"lazy\" decoding=\"async\" class=\"alignnone size-full wp-image-28812\" src=\"https:\/\/fetrafrjes.org.br\/wp-content\/uploads\/2025\/10\/IMG_7294-scaled.jpeg\" sizes=\"(max-width: 2560px) 100vw, 2560px\" srcset=\"https:\/\/fetrafrjes.org.br\/wp-content\/uploads\/2025\/10\/IMG_7294-scaled.jpeg 2560w, https:\/\/fetrafrjes.org.br\/wp-content\/uploads\/2025\/10\/IMG_7294-600x450.jpeg 600w, https:\/\/fetrafrjes.org.br\/wp-content\/uploads\/2025\/10\/IMG_7294-1024x768.jpeg 1024w, https:\/\/fetrafrjes.org.br\/wp-content\/uploads\/2025\/10\/IMG_7294-768x576.jpeg 768w, https:\/\/fetrafrjes.org.br\/wp-content\/uploads\/2025\/10\/IMG_7294-1536x1152.jpeg 1536w, https:\/\/fetrafrjes.org.br\/wp-content\/uploads\/2025\/10\/IMG_7294-2048x1536.jpeg 2048w, https:\/\/fetrafrjes.org.br\/wp-content\/uploads\/2025\/10\/IMG_7294-1200x900.jpeg 1200w, https:\/\/fetrafrjes.org.br\/wp-content\/uploads\/2025\/10\/IMG_7294-1980x1485.jpeg 1980w\" alt=\"\" width=\"2560\" height=\"1920\" \/><img loading=\"lazy\" decoding=\"async\" class=\"alignnone size-full wp-image-28813\" src=\"https:\/\/fetrafrjes.org.br\/wp-content\/uploads\/2025\/10\/IMG_7296-scaled.jpeg\" sizes=\"(max-width: 2560px) 100vw, 2560px\" srcset=\"https:\/\/fetrafrjes.org.br\/wp-content\/uploads\/2025\/10\/IMG_7296-scaled.jpeg 2560w, https:\/\/fetrafrjes.org.br\/wp-content\/uploads\/2025\/10\/IMG_7296-600x450.jpeg 600w, https:\/\/fetrafrjes.org.br\/wp-content\/uploads\/2025\/10\/IMG_7296-1024x768.jpeg 1024w, https:\/\/fetrafrjes.org.br\/wp-content\/uploads\/2025\/10\/IMG_7296-768x576.jpeg 768w, https:\/\/fetrafrjes.org.br\/wp-content\/uploads\/2025\/10\/IMG_7296-1536x1152.jpeg 1536w, https:\/\/fetrafrjes.org.br\/wp-content\/uploads\/2025\/10\/IMG_7296-2048x1536.jpeg 2048w, https:\/\/fetrafrjes.org.br\/wp-content\/uploads\/2025\/10\/IMG_7296-1200x900.jpeg 1200w, https:\/\/fetrafrjes.org.br\/wp-content\/uploads\/2025\/10\/IMG_7296-1980x1485.jpeg 1980w\" alt=\"\" width=\"2560\" height=\"1920\" \/><\/p>\n<p>\u00a0<\/p>\n","protected":false},"excerpt":{"rendered":"<p>Nos dias 29 e 30 de outubro, o Sindicato dos Banc\u00e1rios da Baixada Fluminense participa de um ciclo de palestras, promovido\u00a0pela Federac\u0327a\u0303o dos Trabalhadores do Ramo Financeiro dos Estados do Rio de Janeiro e Espi\u0301rito Santo (Fetraf RJ\/ES). O evento, que acontece de forma h\u00edbrida, ir\u00e1\u00a0discutir e debater quest\u00f5es atuais da categoria banc\u00e1ria, desafios para [&hellip;]<\/p>\n","protected":false},"author":2,"featured_media":16844,"comment_status":"","ping_status":"","sticky":false,"template":"","format":"standard","meta":{"footnotes":""},"categories":[3],"tags":[],"class_list":["post-16845","post","type-post","status-publish","format-standard","has-post-thumbnail","hentry","category-noticias"],"_links":{"self":[{"href":"https:\/\/hostnetart.com.br\/baixada\/wp-json\/wp\/v2\/posts\/16845","targetHints":{"allow":["GET"]}}],"collection":[{"href":"https:\/\/hostnetart.com.br\/baixada\/wp-json\/wp\/v2\/posts"}],"about":[{"href":"https:\/\/hostnetart.com.br\/baixada\/wp-json\/wp\/v2\/types\/post"}],"author":[{"embeddable":true,"href":"https:\/\/hostnetart.com.br\/baixada\/wp-json\/wp\/v2\/users\/2"}],"replies":[{"embeddable":true,"href":"https:\/\/hostnetart.com.br\/baixada\/wp-json\/wp\/v2\/comments?post=16845"}],"version-history":[{"count":0,"href":"https:\/\/hostnetart.com.br\/baixada\/wp-json\/wp\/v2\/posts\/16845\/revisions"}],"wp:featuredmedia":[{"embeddable":true,"href":"https:\/\/hostnetart.com.br\/baixada\/wp-json\/wp\/v2\/media\/16844"}],"wp:attachment":[{"href":"https:\/\/hostnetart.com.br\/baixada\/wp-json\/wp\/v2\/media?parent=16845"}],"wp:term":[{"taxonomy":"category","embeddable":true,"href":"https:\/\/hostnetart.com.br\/baixada\/wp-json\/wp\/v2\/categories?post=16845"},{"taxonomy":"post_tag","embeddable":true,"href":"https:\/\/hostnetart.com.br\/baixada\/wp-json\/wp\/v2\/tags?post=16845"}],"curies":[{"name":"wp","href":"https:\/\/api.w.org\/{rel}","templated":true}]}}