{"id":16843,"date":"2025-10-29T19:29:31","date_gmt":"2025-10-29T22:29:31","guid":{"rendered":"https:\/\/hostnetart.com.br\/baixada\/ultimos-dias-para-adesao-ao-acordo-entre-cassi-e-contraf-cut\/"},"modified":"2025-10-29T19:29:31","modified_gmt":"2025-10-29T22:29:31","slug":"ultimos-dias-para-adesao-ao-acordo-entre-cassi-e-contraf-cut","status":"publish","type":"post","link":"https:\/\/hostnetart.com.br\/baixada\/ultimos-dias-para-adesao-ao-acordo-entre-cassi-e-contraf-cut\/","title":{"rendered":"\u00daltimos dias para ades\u00e3o ao acordo entre Cassi e Contraf-CUT"},"content":{"rendered":"<p>O prazo para ades\u00e3o ao acordo firmado entre a Caixa de Assist\u00eancia dos Funcion\u00e1rios do Banco do Brasil (Cassi) e a Contraf-CUT est\u00e1 chegando ao fim. O acordo, j\u00e1 homologado pela Justi\u00e7a, encerrou definitivamente o processo que discutia a cobran\u00e7a de contribui\u00e7\u00f5es pessoais em reclamat\u00f3rias e acordos trabalhistas, judiciais e extrajudiciais.<\/p>\n<p>Com o processo encerrado, os associados que possuem valores pendentes agora t\u00eam uma \u00faltima oportunidade para regularizar a situa\u00e7\u00e3o e aproveitar as condi\u00e7\u00f5es especiais definidas no entendimento entre as partes.<\/p>\n<p>O acordo prev\u00ea benef\u00edcios importantes, como:<\/p>\n<p>Isen\u00e7\u00e3o de juros e multa para pagamento \u00e0 vista ou da primeira parcela at\u00e9 20 de novembro de 2025, desde que o acordo seja formalizado at\u00e9 31 de outubro de 2025;<br \/>Desconto de 5% para pagamentos \u00e0 vista formalizados at\u00e9 31 de outubro;<\/p>\n<p>Possibilidade de pagamento em at\u00e9 72 parcelas mensais, respeitado o valor m\u00ednimo por parcela e assegurando o abatimento proporcional da contribui\u00e7\u00e3o mensal da Cassi<\/p>\n<p>Possibilidade de extens\u00e3o do prazo acima de 72 meses, caso a parcela supere 7,5% do sal\u00e1rio do associado.<\/p>\n<p>\u00a0<\/p>\n<p>\u201cA solu\u00e7\u00e3o negociada entre a Cassi e a Contraf d\u00e1 a oportunidade de pagamento desses valores. \u00c9 muito importante que os colegas com pend\u00eancias busquem a Cassi e fiquem atentos aos prazos\u201d, ressaltou Gustavo Tabatinga, secret\u00e1rio-geral da Contraf-CUT.<\/p>\n<p>A Contraf-CUT refor\u00e7a que o processo foi finalizado judicialmente, e o prazo para ades\u00e3o \u00e9 limitado. Quem deixar para depois pode perder os benef\u00edcios previstos, como descontos, isen\u00e7\u00f5es ou condi\u00e7\u00f5es facilitadas de pagamento.<\/p>\n<p>Os associados devem procurar a Cassi para verificar se t\u00eam valores pendentes e formalizar a ades\u00e3o dentro do prazo.<\/p>\n<p><strong>Fonte: Contraf-CUT<\/strong><\/p>\n","protected":false},"excerpt":{"rendered":"<p>O prazo para ades\u00e3o ao acordo firmado entre a Caixa de Assist\u00eancia dos Funcion\u00e1rios do Banco do Brasil (Cassi) e a Contraf-CUT est\u00e1 chegando ao fim. O acordo, j\u00e1 homologado pela Justi\u00e7a, encerrou definitivamente o processo que discutia a cobran\u00e7a de contribui\u00e7\u00f5es pessoais em reclamat\u00f3rias e acordos trabalhistas, judiciais e extrajudiciais. Com o processo encerrado, [&hellip;]<\/p>\n","protected":false},"author":2,"featured_media":16842,"comment_status":"","ping_status":"","sticky":false,"template":"","format":"standard","meta":{"footnotes":""},"categories":[3],"tags":[],"class_list":["post-16843","post","type-post","status-publish","format-standard","has-post-thumbnail","hentry","category-noticias"],"_links":{"self":[{"href":"https:\/\/hostnetart.com.br\/baixada\/wp-json\/wp\/v2\/posts\/16843","targetHints":{"allow":["GET"]}}],"collection":[{"href":"https:\/\/hostnetart.com.br\/baixada\/wp-json\/wp\/v2\/posts"}],"about":[{"href":"https:\/\/hostnetart.com.br\/baixada\/wp-json\/wp\/v2\/types\/post"}],"author":[{"embeddable":true,"href":"https:\/\/hostnetart.com.br\/baixada\/wp-json\/wp\/v2\/users\/2"}],"replies":[{"embeddable":true,"href":"https:\/\/hostnetart.com.br\/baixada\/wp-json\/wp\/v2\/comments?post=16843"}],"version-history":[{"count":0,"href":"https:\/\/hostnetart.com.br\/baixada\/wp-json\/wp\/v2\/posts\/16843\/revisions"}],"wp:featuredmedia":[{"embeddable":true,"href":"https:\/\/hostnetart.com.br\/baixada\/wp-json\/wp\/v2\/media\/16842"}],"wp:attachment":[{"href":"https:\/\/hostnetart.com.br\/baixada\/wp-json\/wp\/v2\/media?parent=16843"}],"wp:term":[{"taxonomy":"category","embeddable":true,"href":"https:\/\/hostnetart.com.br\/baixada\/wp-json\/wp\/v2\/categories?post=16843"},{"taxonomy":"post_tag","embeddable":true,"href":"https:\/\/hostnetart.com.br\/baixada\/wp-json\/wp\/v2\/tags?post=16843"}],"curies":[{"name":"wp","href":"https:\/\/api.w.org\/{rel}","templated":true}]}}