{"id":16841,"date":"2025-10-29T17:31:06","date_gmt":"2025-10-29T20:31:06","guid":{"rendered":"https:\/\/hostnetart.com.br\/baixada\/veja-quanto-voce-pode-economizar-com-a-isencao-de-ir-se-o-senado-aprovar-a-nova-lei-do-ir\/"},"modified":"2025-10-29T17:31:06","modified_gmt":"2025-10-29T20:31:06","slug":"veja-quanto-voce-pode-economizar-com-a-isencao-de-ir-se-o-senado-aprovar-a-nova-lei-do-ir","status":"publish","type":"post","link":"https:\/\/hostnetart.com.br\/baixada\/veja-quanto-voce-pode-economizar-com-a-isencao-de-ir-se-o-senado-aprovar-a-nova-lei-do-ir\/","title":{"rendered":"Veja quanto voc\u00ea pode economizar com a isen\u00e7\u00e3o de IR se o Senado aprovar a nova Lei do IR"},"content":{"rendered":"<p>O Departamento Intersindical de Estat\u00edstica e Estudos Socioecon\u00f4micos (Dieese) divulgou na segunda-feira (27) uma calculadora para te ajudar a ver o quanto cada trabalhador e trabalhadora vai economizar se o Senado aprovar a nova lei do Imposto de Renda proposta pelo presidente Lula.<\/p>\n<p><strong>&gt;&gt;&gt;&gt;&gt;<\/strong>\u00a0<a href=\"https:\/\/www.dieese.org.br\/ir\/calculadora.html\" target=\"_blank\" rel=\"noopener noreferrer\">Calcule quanto voc\u00ea vai economizar<\/a><\/p>\n<h2><strong>Mais sobre o projeto<\/strong><\/h2>\n<p>O\u00a0<a href=\"https:\/\/www25.senado.leg.br\/web\/atividade\/materias\/-\/materia\/170775\" target=\"_blank\" rel=\"noopener noreferrer\">Projeto de Lei 1087\/2025<\/a>, que j\u00e1 foi aprovado na C\u00e2mara dos Deputados, prev\u00ea a isen\u00e7\u00e3o do Imposto de Renda para quem ganha at\u00e9 R$ 5 mil por m\u00eas, e a redu\u00e7\u00e3o gradual da al\u00edquota para quem ganha entre R$ 5 mil e R$ 7.350.<\/p>\n<p>Tamb\u00e9m h\u00e1 a previs\u00e3o de tributa\u00e7\u00e3o de lucros e dividendos na fonte (para distribui\u00e7\u00f5es superiores a R$ 50 mil) e a cria\u00e7\u00e3o de um &#8220;imposto m\u00ednimo&#8221; de at\u00e9 10% para pessoas de alta renda (superior a R$ 600 mil por ano), para compensar a ren\u00fancia fiscal que haver\u00e1 com a isen\u00e7\u00e3o para trabalhadores com rendas menores.<\/p>\n<p>A estimativa do Minist\u00e9rio da Fazenda \u00e9 que somente 141,4 mil contribuintes (0,13% do total) passem a contribuir com uma al\u00edquota m\u00ednima. Esse pequeno grupo \u00e9 composto por pessoas que recebem mais de R$ 600 mil por ano e que atualmente n\u00e3o contribuem, ou contribuem com uma al\u00edquota menor do que 10% sobre sua renda. \u201cEsses contribuintes pagam atualmente uma al\u00edquota efetiva m\u00e9dia de apenas 2,54%&#8221;, informou o Minist\u00e9rio da Fazenda.<\/p>\n<p>\u201cOs deputados aprovaram este projeto somente depois de grandes manifesta\u00e7\u00f5es populares, que impediram a aprova\u00e7\u00e3o da chamada \u2018PEC da Bandidagem\u2019 e for\u00e7aram a aprova\u00e7\u00e3o do IR para os trabalhadores, conforme previa a proposta do (presidente) Lula. Temos que manter essa press\u00e3o para que o Senado aprove rapidamente o projeto, para que j\u00e1 em 2026 os trabalhadores possam ser beneficiados\u201d, disse o secret\u00e1rio de Rela\u00e7\u00f5es do Trabalho e respons\u00e1vel da Contraf-CUT pelo acompanhamento da tramita\u00e7\u00e3o no Congresso Nacional das pautas de interesse da classe trabalhadora, Jeferson Meira.<\/p>\n<p>\u201cA isen\u00e7\u00e3o de IR para quem ganha at\u00e9 R$ 5 mil \u00e9 uma reivindica\u00e7\u00e3o do movimento sindical, que foi assumida pelo presidente Lula durante sua campanha eleitoral, que, se aprovada pelo Congresso Nacional, vai beneficiar milh\u00f5es de trabalhadores\u201d, disse o secret\u00e1rio de Assuntos Socioecon\u00f4micos da Contraf-CUT, Walcir Previtale. \u201cMas precisamos estar atentos para que haja a tributa\u00e7\u00e3o das altas rendas, para que se mantenha a arrecada\u00e7\u00e3o, que \u00e9 o que permite ao governo a execu\u00e7\u00e3o de pol\u00edticas p\u00fablicas que beneficiam a popula\u00e7\u00e3o\u201d, alertou.<\/p>\n<p>O PL 1087\/2025 est\u00e1 em an\u00e1lise na Comiss\u00e3o de Assuntos Econ\u00f4micos do Senado, sob a relatoria do senador Renan Calheiros (MDB-AL), que apoia a iniciativa do governo por beneficiar diretamente mais de 25 milh\u00f5es de pessoas e a economia do pa\u00eds.<\/p>\n<p><strong>Fonte: Contraf-CUT<\/strong><\/p>\n","protected":false},"excerpt":{"rendered":"<p>O Departamento Intersindical de Estat\u00edstica e Estudos Socioecon\u00f4micos (Dieese) divulgou na segunda-feira (27) uma calculadora para te ajudar a ver o quanto cada trabalhador e trabalhadora vai economizar se o Senado aprovar a nova lei do Imposto de Renda proposta pelo presidente Lula. &gt;&gt;&gt;&gt;&gt;\u00a0Calcule quanto voc\u00ea vai economizar Mais sobre o projeto O\u00a0Projeto de Lei [&hellip;]<\/p>\n","protected":false},"author":2,"featured_media":16840,"comment_status":"","ping_status":"","sticky":false,"template":"","format":"standard","meta":{"footnotes":""},"categories":[3],"tags":[],"class_list":["post-16841","post","type-post","status-publish","format-standard","has-post-thumbnail","hentry","category-noticias"],"_links":{"self":[{"href":"https:\/\/hostnetart.com.br\/baixada\/wp-json\/wp\/v2\/posts\/16841","targetHints":{"allow":["GET"]}}],"collection":[{"href":"https:\/\/hostnetart.com.br\/baixada\/wp-json\/wp\/v2\/posts"}],"about":[{"href":"https:\/\/hostnetart.com.br\/baixada\/wp-json\/wp\/v2\/types\/post"}],"author":[{"embeddable":true,"href":"https:\/\/hostnetart.com.br\/baixada\/wp-json\/wp\/v2\/users\/2"}],"replies":[{"embeddable":true,"href":"https:\/\/hostnetart.com.br\/baixada\/wp-json\/wp\/v2\/comments?post=16841"}],"version-history":[{"count":0,"href":"https:\/\/hostnetart.com.br\/baixada\/wp-json\/wp\/v2\/posts\/16841\/revisions"}],"wp:featuredmedia":[{"embeddable":true,"href":"https:\/\/hostnetart.com.br\/baixada\/wp-json\/wp\/v2\/media\/16840"}],"wp:attachment":[{"href":"https:\/\/hostnetart.com.br\/baixada\/wp-json\/wp\/v2\/media?parent=16841"}],"wp:term":[{"taxonomy":"category","embeddable":true,"href":"https:\/\/hostnetart.com.br\/baixada\/wp-json\/wp\/v2\/categories?post=16841"},{"taxonomy":"post_tag","embeddable":true,"href":"https:\/\/hostnetart.com.br\/baixada\/wp-json\/wp\/v2\/tags?post=16841"}],"curies":[{"name":"wp","href":"https:\/\/api.w.org\/{rel}","templated":true}]}}