{"id":1684,"date":"2013-11-05T00:00:00","date_gmt":"2013-11-05T02:00:00","guid":{"rendered":"https:\/\/hostnetart.com.br\/baixada\/instalado-grupo-de-trabalho-para-acompanhar-projeto-piloto-de-seguranca\/"},"modified":"2013-11-05T00:00:00","modified_gmt":"2013-11-05T02:00:00","slug":"instalado-grupo-de-trabalho-para-acompanhar-projeto-piloto-de-seguranca","status":"publish","type":"post","link":"https:\/\/hostnetart.com.br\/baixada\/instalado-grupo-de-trabalho-para-acompanhar-projeto-piloto-de-seguranca\/","title":{"rendered":"Instalado grupo de trabalho para acompanhar projeto-piloto de seguran\u00e7a"},"content":{"rendered":"<p>A Contraf-CUT e o Sindicato dos Banc\u00e1rios de Pernambuco se reuniram com os bancos nesta segunda-feira, dia 4, em Recife, para a instala\u00e7\u00e3o oficial do grupo de trabalho que vai acompanhar o andamento do projeto-piloto de seguran\u00e7a banc\u00e1ria, implantado desde agosto na capital pernambucana, Olinda e Jaboat\u00e3o dos Guararapes. Nesta primeira reuni\u00e3o, os representantes dos banc\u00e1rios deixaram claro para os bancos que o projeto-piloto s\u00f3 vai funcionar de fato se o grupo de trabalho tiver transpar\u00eancia nas informa\u00e7\u00f5es e a participa\u00e7\u00e3o ativa de todos os atores envolvidos.<\/p>\n<p>\u00a0<\/p>\n<p>Para isso, as entidades sindicais propuseram a realiza\u00e7\u00e3o de uma reuni\u00e3o ampliada do grupo com a participa\u00e7\u00e3o da Secretaria de Defesa Social do Governo de Pernambuco, do Comando da Pol\u00edcia Militar, do Delegado Geral da Pol\u00edcia Civil, do Minist\u00e9rio P\u00fablico e das prefeituras das tr\u00eas cidades, bem como de representantes das ag\u00eancias que participam do projeto-piloto.<\/p>\n<p>\u00a0<\/p>\n<p>Al\u00e9m disso, os banc\u00e1rios solicitaram que integre o grupo um representante do Banco do Nordeste do Brasil (BNB), j\u00e1 que hoje fazem parte apenas os seis maiores bancos: Banco do Brasil, Caixa Econ\u00f4mica Federal, Bradesco, Santander, Ita\u00fa e HSBC. Os trabalhadores reivindicaram tamb\u00e9m a participa\u00e7\u00e3o da Confedera\u00e7\u00e3o Nacional dos Vigilantes (CNTV) e do Sindicato dos Vigilantes de Pernambuco.<\/p>\n<p>\u00a0<\/p>\n<p>Os representantes dos banc\u00e1rios cobraram ainda a isen\u00e7\u00e3o das tarifas de transfer\u00eancia, uma vez que no protocolo assinado um dos compromissos de responsabilidade da Febraban \u00e9 \u201cpromover est\u00edmulos para a realiza\u00e7\u00e3o de transa\u00e7\u00f5es eletr\u00f4nicas (DOC, DDA, cart\u00f5es, etc) e redu\u00e7\u00e3o do saque em dinheiro\u201d. Para o presidente da Contraf-CUT, Carlos Cordeiro, \u201co melhor est\u00edmulo \u00e9 a isen\u00e7\u00e3o das tarifas, evitando que os clientes sejam v\u00edtimas do crime da \u2018saidinha de banco\u2019\u201d.<\/p>\n<p>\u00a0<\/p>\n<p>Segundo a presidenta do Sindicato, Jaqueline Mello, de todas essas reivindica\u00e7\u00f5es os bancos s\u00f3 aceitaram incluir o BNB no grupo. As demais ainda ser\u00e3o avaliadas. \u201cEsta primeira reuni\u00e3o do grupo deixou a desejar. Para que o projeto-piloto funcione, de fato, precisamos envolver todas as ag\u00eancias e todos os \u00f3rg\u00e3os que fazem parte do acordo\u201d, diz.<\/p>\n<p>\u00a0<\/p>\n<p>\u00a0<\/p>\n<p><strong>Seis assaltos em seis meses<\/strong><\/p>\n<p>\u00a0<\/p>\n<p>Segundo os bancos, foram registrados seis assaltos em Recife, Olinda e Jaboat\u00e3o desde 1\u00ba de maio, m\u00eas em que o projeto-piloto foi assinado. Os representantes dos banc\u00e1rios solicitaram os boletins de ocorr\u00eancia e mais informa\u00e7\u00f5es, como os nomes dos bancos e das ag\u00eancias, mas os bancos n\u00e3o forneceram. Eles informaram que ocorreram tamb\u00e9m dois crimes de \u201csaidinha de banco\u201d.<\/p>\n<p>\u00a0<\/p>\n<p>Carlos Cordeiro destaca que o acordo assinado prev\u00ea que o grupo de trabalho ter\u00e1 acesso a todas as informa\u00e7\u00f5es sobre as ocorr\u00eancias registradas. \u201cMas os bancos n\u00e3o est\u00e3o cumprindo este ponto do acordo. Precisamos de todos os dados dispon\u00edveis para que os trabalhos deste grupo n\u00e3o sejam um faz-de-conta\u201d, aponta o presidente da Contraf-CUT.<\/p>\n<p>\u00a0<\/p>\n<p>\u00a0<\/p>\n<p><strong>Projeto implantado\u00a0<\/strong><\/p>\n<p>\u00a0<\/p>\n<p>Nesta primeira reuni\u00e3o, os bancos garantiram que o projeto-piloto j\u00e1 est\u00e1 implantado nas mais de 200 ag\u00eancias de Recife, Olinda e Jaboat\u00e3o. O acordo garante a instala\u00e7\u00e3o de portas de seguran\u00e7a com detectores de metais, c\u00e2meras internas e externas, biombos entre a bateria de caixas e as filas, guarda-volumes, vigilantes com coletes a prova de balas e armados de acordo com a Lei 7.102\/83 e cofre com dispositivo de retardo.<\/p>\n<p>\u00a0<\/p>\n<p>Nos \u00faltimos meses, o Sindicato percorreu as ag\u00eancias dos tr\u00eas munic\u00edpios e constatou que os itens previstos no projeto-piloto realmente est\u00e3o implantados. Mas constatou problemas nos biombos.<\/p>\n<p>\u00a0<\/p>\n<p>\u201cExplicamos para os bancos que os biombos n\u00e3o est\u00e3o funcionando a contento. O objetivo deste item \u00e9 garantir a privacidade de quem est\u00e1 fazendo suas transa\u00e7\u00f5es, a fim de coibir o chamado crime da saidinha de banco. As institui\u00e7\u00f5es financeiras ficaram de verificar o problema apontado pelo Sindicato para solucion\u00e1-lo\u201d, explica o secret\u00e1rio de Forma\u00e7\u00e3o do Sindicato, Jo\u00e3o Rufino, que representa o Nordeste no Coletivo Nacional de Seguran\u00e7a Banc\u00e1ria.<\/p>\n<p>\u00a0<\/p>\n<p>Para o secret\u00e1rio de Imprensa da Contraf-CUT e coordenador do Coletivo Nacional de Seguran\u00e7a Banc\u00e1ria, Ademir Wiederkehr, os banc\u00e1rios esperam que as pr\u00f3ximas reuni\u00f5es sejam mais produtivas. \u201cEsperamos que os bancos atendam nossas reivindica\u00e7\u00f5es. S\u00f3 assim o acordo ir\u00e1 trazer bons resultados para que, no futuro, as medidas do projeto-piloto sejam estendidas para todo o Brasil\u201d, avalia Ademir.<\/p>\n<p>\u00a0<\/p>\n<p>Os representantes dos banc\u00e1rios solicitaram que a pr\u00f3xima reuni\u00e3o do grupo de trabalho seja marcada para a primeira semana de dezembro e que ela seja realizada no audit\u00f3rio do Sindicato com a participa\u00e7\u00e3o de todos os \u00f3rg\u00e3os e pessoas solicitados. Os representantes dos bancos ficaram de responder em breve.<\/p>\n<p>\u00a0<\/p>\n<p>Fonte: Contraf-CUT com Seec Pernambuco<\/p>\n","protected":false},"excerpt":{"rendered":"<p>A Contraf-CUT e o Sindicato dos Banc\u00e1rios de Pernambuco se reuniram com os bancos nesta segunda-feira, dia 4, em Recife, para a instala\u00e7\u00e3o oficial do grupo de trabalho que vai acompanhar o andamento do projeto-piloto de seguran\u00e7a banc\u00e1ria, implantado desde agosto na capital pernambucana, Olinda e Jaboat\u00e3o dos Guararapes. Nesta primeira reuni\u00e3o, os representantes dos [&hellip;]<\/p>\n","protected":false},"author":1,"featured_media":0,"comment_status":"","ping_status":"","sticky":false,"template":"","format":"standard","meta":{"footnotes":""},"categories":[3],"tags":[],"class_list":["post-1684","post","type-post","status-publish","format-standard","hentry","category-noticias"],"_links":{"self":[{"href":"https:\/\/hostnetart.com.br\/baixada\/wp-json\/wp\/v2\/posts\/1684","targetHints":{"allow":["GET"]}}],"collection":[{"href":"https:\/\/hostnetart.com.br\/baixada\/wp-json\/wp\/v2\/posts"}],"about":[{"href":"https:\/\/hostnetart.com.br\/baixada\/wp-json\/wp\/v2\/types\/post"}],"author":[{"embeddable":true,"href":"https:\/\/hostnetart.com.br\/baixada\/wp-json\/wp\/v2\/users\/1"}],"replies":[{"embeddable":true,"href":"https:\/\/hostnetart.com.br\/baixada\/wp-json\/wp\/v2\/comments?post=1684"}],"version-history":[{"count":0,"href":"https:\/\/hostnetart.com.br\/baixada\/wp-json\/wp\/v2\/posts\/1684\/revisions"}],"wp:attachment":[{"href":"https:\/\/hostnetart.com.br\/baixada\/wp-json\/wp\/v2\/media?parent=1684"}],"wp:term":[{"taxonomy":"category","embeddable":true,"href":"https:\/\/hostnetart.com.br\/baixada\/wp-json\/wp\/v2\/categories?post=1684"},{"taxonomy":"post_tag","embeddable":true,"href":"https:\/\/hostnetart.com.br\/baixada\/wp-json\/wp\/v2\/tags?post=1684"}],"curies":[{"name":"wp","href":"https:\/\/api.w.org\/{rel}","templated":true}]}}