{"id":16839,"date":"2025-10-29T17:29:44","date_gmt":"2025-10-29T20:29:44","guid":{"rendered":"https:\/\/hostnetart.com.br\/baixada\/banco-do-brasil-convoca-reuniao-com-representantes-dos-funcionarios\/"},"modified":"2025-10-29T17:29:44","modified_gmt":"2025-10-29T20:29:44","slug":"banco-do-brasil-convoca-reuniao-com-representantes-dos-funcionarios","status":"publish","type":"post","link":"https:\/\/hostnetart.com.br\/baixada\/banco-do-brasil-convoca-reuniao-com-representantes-dos-funcionarios\/","title":{"rendered":"Banco do Brasil convoca reuni\u00e3o com representantes dos funcion\u00e1rios"},"content":{"rendered":"<p>O Banco do Brasil chamou os representantes dos funcion\u00e1rios para uma reuni\u00e3o, no final da tarde desta quarta-feira, \u00e0s 17h. No encontro, a Comiss\u00e3o de Empresa dos Funcion\u00e1rios do Banco do Brasil (CEEBB) vai refor\u00e7ar as pautas defendidas durante o Dia Nacional de Luta, realizado em 22 de outubro, quando trabalhadores em todo o pa\u00eds cobraram do BB mais respeito e valoriza\u00e7\u00e3o.<\/p>\n<p>Entre as reivindica\u00e7\u00f5es que ser\u00e3o novamente apresentadas est\u00e3o o cumprimento do papel do BB como banco p\u00fablico, a redu\u00e7\u00e3o das metas abusivas, a retomada das substitui\u00e7\u00f5es que foram cortadas unilateralmente nos meses de novembro e dezembro e o respeito \u00e0 jornada legal de seis horas.<\/p>\n<p>A coordenadora da CEEBB, Fernanda Lopes, destacou que \u00e9 essencial que o Banco do Brasil volte a dialogar com seus funcion\u00e1rios. \u201c\u00c9 fundamental que o banco retome o di\u00e1logo com o funcionalismo, que \u00e9 o grande respons\u00e1vel pelo sucesso e pelos resultados alcan\u00e7ados pelo BB\u201d, afirmou.<\/p>\n<p>A Contraf-CUT acompanhar\u00e1 a reuni\u00e3o e divulgar\u00e1 os resultados assim que houver novas informa\u00e7\u00f5es.<\/p>\n<p><strong>Fonte: Contraf-CUT<\/strong><\/p>\n","protected":false},"excerpt":{"rendered":"<p>O Banco do Brasil chamou os representantes dos funcion\u00e1rios para uma reuni\u00e3o, no final da tarde desta quarta-feira, \u00e0s 17h. No encontro, a Comiss\u00e3o de Empresa dos Funcion\u00e1rios do Banco do Brasil (CEEBB) vai refor\u00e7ar as pautas defendidas durante o Dia Nacional de Luta, realizado em 22 de outubro, quando trabalhadores em todo o pa\u00eds [&hellip;]<\/p>\n","protected":false},"author":2,"featured_media":16838,"comment_status":"","ping_status":"","sticky":false,"template":"","format":"standard","meta":{"footnotes":""},"categories":[3],"tags":[],"class_list":["post-16839","post","type-post","status-publish","format-standard","has-post-thumbnail","hentry","category-noticias"],"_links":{"self":[{"href":"https:\/\/hostnetart.com.br\/baixada\/wp-json\/wp\/v2\/posts\/16839","targetHints":{"allow":["GET"]}}],"collection":[{"href":"https:\/\/hostnetart.com.br\/baixada\/wp-json\/wp\/v2\/posts"}],"about":[{"href":"https:\/\/hostnetart.com.br\/baixada\/wp-json\/wp\/v2\/types\/post"}],"author":[{"embeddable":true,"href":"https:\/\/hostnetart.com.br\/baixada\/wp-json\/wp\/v2\/users\/2"}],"replies":[{"embeddable":true,"href":"https:\/\/hostnetart.com.br\/baixada\/wp-json\/wp\/v2\/comments?post=16839"}],"version-history":[{"count":0,"href":"https:\/\/hostnetart.com.br\/baixada\/wp-json\/wp\/v2\/posts\/16839\/revisions"}],"wp:featuredmedia":[{"embeddable":true,"href":"https:\/\/hostnetart.com.br\/baixada\/wp-json\/wp\/v2\/media\/16838"}],"wp:attachment":[{"href":"https:\/\/hostnetart.com.br\/baixada\/wp-json\/wp\/v2\/media?parent=16839"}],"wp:term":[{"taxonomy":"category","embeddable":true,"href":"https:\/\/hostnetart.com.br\/baixada\/wp-json\/wp\/v2\/categories?post=16839"},{"taxonomy":"post_tag","embeddable":true,"href":"https:\/\/hostnetart.com.br\/baixada\/wp-json\/wp\/v2\/tags?post=16839"}],"curies":[{"name":"wp","href":"https:\/\/api.w.org\/{rel}","templated":true}]}}