{"id":1683,"date":"2013-11-05T00:00:00","date_gmt":"2013-11-05T02:00:00","guid":{"rendered":"https:\/\/hostnetart.com.br\/baixada\/contraf-promove-ii-forum-pela-visibilidade-negra-no-sistema-financeiro\/"},"modified":"2013-11-05T00:00:00","modified_gmt":"2013-11-05T02:00:00","slug":"contraf-promove-ii-forum-pela-visibilidade-negra-no-sistema-financeiro","status":"publish","type":"post","link":"https:\/\/hostnetart.com.br\/baixada\/contraf-promove-ii-forum-pela-visibilidade-negra-no-sistema-financeiro\/","title":{"rendered":"Contraf promove II F\u00f3rum pela Visibilidade Negra no Sistema Financeiro"},"content":{"rendered":"<p>A Contraf-CUT, o Sindicato dos Banc\u00e1rios do Rio de Janeiro e a Fetraf RJ-ES realizam nos dias 13 e 14 de novembro o II F\u00f3rum Nacional pela Visibilidade Negra no Sistema Financeiro. O evento ser\u00e1 realizado no Hotel S\u00e3o Francisco (Rua Visconde de Inha\u00fama, 95), no centro do Rio.<\/p>\n<p>\u00a0<\/p>\n<p>\u201cO objetivo central do evento \u00e9 promover e ampliar o conhecimento sobre a tem\u00e1tica racial nas suas v\u00e1rias dimens\u00f5es, a partir da leitura das desigualdades sociais e econ\u00f4micas no pa\u00eds e da invisibilidade negra no sistema financeiro\u201d, afirma a secret\u00e1ria de Pol\u00edticas Sociais da Contraf-CUT, Andrea Vasconcelos.<\/p>\n<p>\u00a0<\/p>\n<p>\u201cQueremos promover um debate entre as diferentes entidades e representa\u00e7\u00f5es sobre a participa\u00e7\u00e3o da popula\u00e7\u00e3o negra no mercado de trabalho, com foco no sistema financeiro, visando fortalecer e organizar as diferentes a\u00e7\u00f5es do movimento sindical banc\u00e1rio no combate \u00e0 discrimina\u00e7\u00e3o racial\u201d, salienta a dirigente sindical.<\/p>\n<p>\u00a0<\/p>\n<p>O evento contar\u00e1 com a participa\u00e7\u00e3o de intelectuais, pesquisadores, gestores e movimentos sociais que atuam no tema.<\/p>\n<p>\u00a0<\/p>\n<p>\u00a0<\/p>\n<p><strong>Confira a programa\u00e7\u00e3o:<\/strong><\/p>\n<p>\u00a0<\/p>\n<p>\u00a0<\/p>\n<p><strong>&#8211; Quarta-feira, dia 13 de novembro<\/strong><\/p>\n<p>\u00a0<\/p>\n<p>Confer\u00eancia de abertura: As desigualdades sociorraciais no mercado de trabalho: Provoca\u00e7\u00f5es, limites e tend\u00eancias.<\/p>\n<p>\u00a0<\/p>\n<p>Mesa 1 \u2013 Panorama racial, direitos humanos e a viol\u00eancia contra a popula\u00e7\u00e3o negra no Brasil.<\/p>\n<p>\u00a0<\/p>\n<p>\u00a0<\/p>\n<p><strong>&#8211; Quinta-feira, dia 14 de novembro<\/strong><\/p>\n<p>\u00a0<\/p>\n<p>Mesa 2 \u2013 Aspectos conceituais e pol\u00edticos das a\u00e7\u00f5es afirmativas no Brasil: Avan\u00e7os e Lacunas.<\/p>\n<p>\u00a0<\/p>\n<p>Roda de conversa (Contraf-CUT, Dieese, CUT Nacional, Unegro-RJ e Fenaban): Os desafios das pol\u00edticas antirracistas no Sistema Financeiro, a transversalidade e as negocia\u00e7\u00f5es coletivas.<\/p>\n<p>\u00a0<\/p>\n<p>Repactua\u00e7\u00e3o da Carta de Compromisso das Entidades.<\/p>\n<p>\u00a0<br \/><strong>Inscri\u00e7\u00f5es abertas<\/strong><\/p>\n<p>\u00a0<\/p>\n<p>A Contraf-CUT j\u00e1 encaminhou um comunicado para sindicatos e federa\u00e7\u00f5es, anexando ficha de inscri\u00e7\u00e3o que deve ser encaminhada para o e-mail<strong>dulce@contrafcut.org.br<\/strong>\u00a0informando o nome do participante e a entidade sindical da qual participa. Ser\u00e1 cobrada uma taxa \u00fanica para cobrir despesas com hotel, alimenta\u00e7\u00e3o, lanche, materiais, equipamentos, loca\u00e7\u00e3o de salas etc.<\/p>\n<p>\u00a0<\/p>\n<p>O f\u00f3rum \u00e9 voltado a dirigentes sindicais que s\u00e3o respons\u00e1veis pelas secretarias de pol\u00edticas sociais das entidades sindicais. Se o tema for de responsabilidade de outra secretaria, a vaga para o evento fica reservada ao respectivo diretor. Entidades que n\u00e3o possuem essa secretaria ou uma pol\u00edtica sobre a tem\u00e1tica da igualdade de oportunidades (quest\u00e3o racial) n\u00e3o v\u00e3o deixar de participar do evento, caso escolham uma pessoa com esse objetivo.<\/p>\n<p>\u00a0<\/p>\n<p>\u201cO evento integra o calend\u00e1rio de atividades do m\u00eas de novembro, marcado pelo Dia Nacional da Consci\u00eancia Negra, comemorado em 20 de novembro, com reflex\u00f5es, debates e mobiliza\u00e7\u00f5es em todo pa\u00eds\u201d, conclui Andrea.<\/p>\n<p>\u00a0<\/p>\n<p>Fonte: Contraf-CUT<\/p>\n","protected":false},"excerpt":{"rendered":"<p>A Contraf-CUT, o Sindicato dos Banc\u00e1rios do Rio de Janeiro e a Fetraf RJ-ES realizam nos dias 13 e 14 de novembro o II F\u00f3rum Nacional pela Visibilidade Negra no Sistema Financeiro. O evento ser\u00e1 realizado no Hotel S\u00e3o Francisco (Rua Visconde de Inha\u00fama, 95), no centro do Rio. \u00a0 \u201cO objetivo central do evento [&hellip;]<\/p>\n","protected":false},"author":1,"featured_media":0,"comment_status":"","ping_status":"","sticky":false,"template":"","format":"standard","meta":{"footnotes":""},"categories":[3],"tags":[],"class_list":["post-1683","post","type-post","status-publish","format-standard","hentry","category-noticias"],"_links":{"self":[{"href":"https:\/\/hostnetart.com.br\/baixada\/wp-json\/wp\/v2\/posts\/1683","targetHints":{"allow":["GET"]}}],"collection":[{"href":"https:\/\/hostnetart.com.br\/baixada\/wp-json\/wp\/v2\/posts"}],"about":[{"href":"https:\/\/hostnetart.com.br\/baixada\/wp-json\/wp\/v2\/types\/post"}],"author":[{"embeddable":true,"href":"https:\/\/hostnetart.com.br\/baixada\/wp-json\/wp\/v2\/users\/1"}],"replies":[{"embeddable":true,"href":"https:\/\/hostnetart.com.br\/baixada\/wp-json\/wp\/v2\/comments?post=1683"}],"version-history":[{"count":0,"href":"https:\/\/hostnetart.com.br\/baixada\/wp-json\/wp\/v2\/posts\/1683\/revisions"}],"wp:attachment":[{"href":"https:\/\/hostnetart.com.br\/baixada\/wp-json\/wp\/v2\/media?parent=1683"}],"wp:term":[{"taxonomy":"category","embeddable":true,"href":"https:\/\/hostnetart.com.br\/baixada\/wp-json\/wp\/v2\/categories?post=1683"},{"taxonomy":"post_tag","embeddable":true,"href":"https:\/\/hostnetart.com.br\/baixada\/wp-json\/wp\/v2\/tags?post=1683"}],"curies":[{"name":"wp","href":"https:\/\/api.w.org\/{rel}","templated":true}]}}