{"id":16825,"date":"2025-10-22T12:15:15","date_gmt":"2025-10-22T15:15:15","guid":{"rendered":"https:\/\/hostnetart.com.br\/baixada\/contraf-cut-critica-postura-do-banco-mercantil-por-demitir-dirigentes-sindicais-e-desrespeitar-a-cct-da-categoria\/"},"modified":"2025-10-22T12:15:15","modified_gmt":"2025-10-22T15:15:15","slug":"contraf-cut-critica-postura-do-banco-mercantil-por-demitir-dirigentes-sindicais-e-desrespeitar-a-cct-da-categoria","status":"publish","type":"post","link":"https:\/\/hostnetart.com.br\/baixada\/contraf-cut-critica-postura-do-banco-mercantil-por-demitir-dirigentes-sindicais-e-desrespeitar-a-cct-da-categoria\/","title":{"rendered":"Contraf-CUT critica postura do Banco Mercantil por demitir dirigentes sindicais e desrespeitar a CCT da categoria"},"content":{"rendered":"<\/p>\n<p>A Contraf-CUT repudia com veem\u00eancia a postura do Banco Mercantil, que realizou demiss\u00f5es sem justa causa de dirigentes sindicais na base de sindicatos filiados \u00e0 Feeb-SP\/MS. As dispensas ocorreram nas cidades de Araras, Guaratinguet\u00e1 (base do Sindicato dos Banc\u00e1rios de Rio Claro e Guaratinguet\u00e1) e S\u00e3o Carlos.<\/p>\n<p>De acordo com os sindicatos, o banco justificou as demiss\u00f5es alegando baixa produtividade, mas ignorou completamente o direito \u00e0 estabilidade sindical garantido pela Conven\u00e7\u00e3o Coletiva de Trabalho (CCT), documento que o pr\u00f3prio Mercantil assinou junto \u00e0 Federa\u00e7\u00e3o Nacional dos Bancos (Fenaban).<\/p>\n<p>Durante reuni\u00e3o realizada na segunda-feira (20), representantes da Feeb-SP\/MS e dos sindicatos tentaram dialogar com a dire\u00e7\u00e3o do banco em busca de uma solu\u00e7\u00e3o. No entanto, o Mercantil se recusou a reconhecer a estabilidade dos dirigentes, demonstrando total desrespeito \u00e0s normas coletivas e ao movimento sindical banc\u00e1rio.<\/p>\n<p>Para agravar ainda mais a situa\u00e7\u00e3o, o banco condicionou qualquer possibilidade de solu\u00e7\u00e3o \u00e0 retirada de a\u00e7\u00f5es individuais e coletivas movidas pelos sindicatos \u2014 inclusive processos anteriores \u00e0 atual Cl\u00e1usula 67, que trata da estabilidade de dirigentes.<\/p>\n<p>A Contraf-CUT considera a postura do Banco Mercantil inaceit\u00e1vel e antissindical, ferindo direitos fundamentais conquistados historicamente pela categoria banc\u00e1ria.<\/p>\n<p>\u201cAo negar a validade de um acordo que ele mesmo assinou e demitir dirigentes sindicais com estabilidade, o Banco Mercantil afronta n\u00e3o apenas os sindicatos, mas toda a estrutura de representa\u00e7\u00e3o dos trabalhadores. Exigimos a imediata reintegra\u00e7\u00e3o dos demitidos e o cumprimento integral da CCT\u201d, afirma a presidenta da Contraf-CUT, Juvandia Moreira.<\/p>\n<p>A Contraf-CUT informa ainda que vai denunciar o Banco Mercantil ao Minist\u00e9rio P\u00fablico do Trabalho (MPT) por pr\u00e1tica antissindical, e refor\u00e7a que continuar\u00e1 acompanhando o caso junto \u00e0 Feeb-SP\/MS e aos sindicatos envolvidos, tomando todas as medidas cab\u00edveis para garantir o respeito \u00e0 Conven\u00e7\u00e3o Coletiva, \u00e0 organiza\u00e7\u00e3o sindical e aos direitos das trabalhadoras e dos trabalhadores do sistema financeiro.<\/p>\n<p><strong>Fonte: Contraf-CUT<\/strong><\/p>\n","protected":false},"excerpt":{"rendered":"<p>A Contraf-CUT repudia com veem\u00eancia a postura do Banco Mercantil, que realizou demiss\u00f5es sem justa causa de dirigentes sindicais na base de sindicatos filiados \u00e0 Feeb-SP\/MS. As dispensas ocorreram nas cidades de Araras, Guaratinguet\u00e1 (base do Sindicato dos Banc\u00e1rios de Rio Claro e Guaratinguet\u00e1) e S\u00e3o Carlos. De acordo com os sindicatos, o banco justificou [&hellip;]<\/p>\n","protected":false},"author":2,"featured_media":16824,"comment_status":"","ping_status":"","sticky":false,"template":"","format":"standard","meta":{"footnotes":""},"categories":[3],"tags":[],"class_list":["post-16825","post","type-post","status-publish","format-standard","has-post-thumbnail","hentry","category-noticias"],"_links":{"self":[{"href":"https:\/\/hostnetart.com.br\/baixada\/wp-json\/wp\/v2\/posts\/16825","targetHints":{"allow":["GET"]}}],"collection":[{"href":"https:\/\/hostnetart.com.br\/baixada\/wp-json\/wp\/v2\/posts"}],"about":[{"href":"https:\/\/hostnetart.com.br\/baixada\/wp-json\/wp\/v2\/types\/post"}],"author":[{"embeddable":true,"href":"https:\/\/hostnetart.com.br\/baixada\/wp-json\/wp\/v2\/users\/2"}],"replies":[{"embeddable":true,"href":"https:\/\/hostnetart.com.br\/baixada\/wp-json\/wp\/v2\/comments?post=16825"}],"version-history":[{"count":0,"href":"https:\/\/hostnetart.com.br\/baixada\/wp-json\/wp\/v2\/posts\/16825\/revisions"}],"wp:featuredmedia":[{"embeddable":true,"href":"https:\/\/hostnetart.com.br\/baixada\/wp-json\/wp\/v2\/media\/16824"}],"wp:attachment":[{"href":"https:\/\/hostnetart.com.br\/baixada\/wp-json\/wp\/v2\/media?parent=16825"}],"wp:term":[{"taxonomy":"category","embeddable":true,"href":"https:\/\/hostnetart.com.br\/baixada\/wp-json\/wp\/v2\/categories?post=16825"},{"taxonomy":"post_tag","embeddable":true,"href":"https:\/\/hostnetart.com.br\/baixada\/wp-json\/wp\/v2\/tags?post=16825"}],"curies":[{"name":"wp","href":"https:\/\/api.w.org\/{rel}","templated":true}]}}