{"id":16823,"date":"2025-10-17T20:45:25","date_gmt":"2025-10-17T23:45:25","guid":{"rendered":"https:\/\/hostnetart.com.br\/baixada\/17-plenaria-nacional-da-cut-encerra-se-com-aprovacao-do-plano-nacional-de-lutas-2025-2026\/"},"modified":"2025-10-17T20:45:25","modified_gmt":"2025-10-17T23:45:25","slug":"17-plenaria-nacional-da-cut-encerra-se-com-aprovacao-do-plano-nacional-de-lutas-2025-2026","status":"publish","type":"post","link":"https:\/\/hostnetart.com.br\/baixada\/17-plenaria-nacional-da-cut-encerra-se-com-aprovacao-do-plano-nacional-de-lutas-2025-2026\/","title":{"rendered":"17\u00aa Plen\u00e1ria Nacional da CUT encerra-se com aprova\u00e7\u00e3o do plano nacional de lutas 2025-2026"},"content":{"rendered":"<\/p>\n<p>Terminou hoje a 17\u00aa Plen\u00e1ria Nacional da CUT. Foram quatro dias de debates intensos na quadra dos banc\u00e1rios, localizada na capital paulista, para a aprova\u00e7\u00e3o de resolu\u00e7\u00f5es, culminando, nesta sexta-feira, com a aprova\u00e7\u00e3o do Plano de Lutas para o pr\u00f3ximo bi\u00eanio.<\/p>\n<p><strong>\u201cSa\u00edmos daqui com debates muito bons, de renova\u00e7\u00e3o das estrat\u00e9gias sindicais cutistas, para nosso estatuto, para o nosso plano de lutas e, ainda, com data marcada para a marcha contra a Reforma Administrativa, e para as manifesta\u00e7\u00f5es das mulheres, do 1\u00ba de maio, para a continuidade da luta pela redu\u00e7\u00e3o da jornada, sem redu\u00e7\u00e3o na remunera\u00e7\u00e3o. Lutas n\u00e3o faltam e teremos muitas daqui para frente\u201d<\/strong>, concluiu a presidenta da Contraf-CUT e vice-presidenta nacional da CUT, Juvandia Moreira.<\/p>\n<p>Al\u00e9m do fortalecimento do sindicalismo cutista, o Plano de Lutas 2025\/2026, aprovado por unanimidade por 598 delegadas e delegados de todo o pa\u00eds, incluem o protagonismo da classe trabalhadora na reconstru\u00e7\u00e3o e transforma\u00e7\u00e3o do Brasil, com foco nos direitos e na soberania nacional, e combate \u00e0 desigualdade por meio da pr\u00e1tica do desenvolvimento econ\u00f4mico sustent\u00e1vel.<\/p>\n<p><img decoding=\"async\" src=\"https:\/\/contrafcut.com.br\/data\/files\/4A\/B6\/B6\/38\/7C3F9910FBD55E99820808A8\/Fotos%20contraf%20_8_.jpg\" srcset=\"https:\/\/contrafcut.com.br\/data\/files\/4A\/B6\/B6\/38\/7C3F9910FBD55E99820808A8\/img_Fotos%20contraf%20_8__gd.webp 640w, https:\/\/contrafcut.com.br\/data\/files\/4A\/B6\/B6\/38\/7C3F9910FBD55E99820808A8\/img_Fotos%20contraf%20_8__md.webp 480w, https:\/\/contrafcut.com.br\/data\/files\/4A\/B6\/B6\/38\/7C3F9910FBD55E99820808A8\/img_Fotos%20contraf%20_8__pq.webp 320w, https:\/\/contrafcut.com.br\/data\/files\/4A\/B6\/B6\/38\/7C3F9910FBD55E99820808A8\/Fotos%20contraf%20_8_.jpg\" alt=\"plen\u00e1ria cut\" \/><\/p>\n<h2>Calend\u00e1rio<\/h2>\n<p>Tamb\u00e9m foi aprovado o calend\u00e1rio de luta nas ruas:<\/p>\n<p><strong>2025<\/strong><\/p>\n<p>\u2013 29 de outubro | Marcha Nacional dos Servi\u00e7os P\u00fablicos contra a reforma administrativa<\/p>\n<p>\u2013 10 a 16 de novembro | C\u00fapula dos Povos\/COP 30 (Bel\u00e9m\/Par\u00e1)<\/p>\n<p>\u2013 20 de novembro | Dia Nacional da Consci\u00eancia Negra<\/p>\n<p>\u2013 25 de novembro | Marcha das Mulheres Negras (Bras\u00edlia\/DF)<\/p>\n<p><strong>2026<\/strong><\/p>\n<p>\u2013 8 de janeiro | Dia Nacional de Mobiliza\u00e7\u00e3o em Defesa da Democracia<\/p>\n<p>\u2013 8 de Mar\u00e7o | Dia Internacional de Lutas das Mulheres<\/p>\n<p>\u2013 Mar\u00e7o (2\u00aa quinzena) | Jornada Continental em Defesa do Direito de Migra\u00e7\u00e3o<\/p>\n<p>\u2013 Abril a Maio | Jornada Nacional de Lutas da Classe Trabalhadora, encerrando com Marcha \u00e0 Bras\u00edlia em Defesa dos Direitos da Classe Trabalhadora<\/p>\n<p>\u2013 1\u00ba de Maio | Dia Internacional de Luta dos Trabalhadores e das Trabalhadoras<\/p>\n<p>\u2013 Junho a outubro | Plataforma da Classe Trabalhadora 2026<\/p>\n<h2>Plebiscito Popular<\/h2>\n<p>Milton dos Santos Rezende, o Miltinho, aproveitou os momentos finais da Plen\u00e1ria para agradecer a mobiliza\u00e7\u00e3o dos delegados e delegadas de todo o pa\u00eds no processo de coleta de votos para o Plebiscito Popular 2025, conclu\u00eddo no \u00faltimo dia 12.<\/p>\n<p><strong>\u201cTivemos, em todo o pa\u00eds, mais de 1,880 milh\u00e3o de votos, sendo 1.110.199 obtidos pelas urnas digitais e 871.841 votos em c\u00e9dulas de papel. Grande parte desse n\u00famero foi gra\u00e7as \u00e0 atua\u00e7\u00e3o do movimento sindical cutista nas ruas e nas redes sociais\u201d,<\/strong> completou.<\/p>\n<p>Nos pr\u00f3ximos dias, a CUT ir\u00e1 participar de encontros com a coordena\u00e7\u00e3o nacional do Plebiscito para fazer um balan\u00e7o dos resultados e organizar as pr\u00f3ximas tarefas, a partir dos resultados que comprovaram que a maioria da popula\u00e7\u00e3o brasileira clama pela redu\u00e7\u00e3o da jornada de trabalho, como fim da escala 6\u00d71, sem redu\u00e7\u00e3o salarial, e pela isen\u00e7\u00e3o do Imposto de Renda para quem ganha at\u00e9 R$ 5 mil\/m\u00eas, com o aumento da taxa\u00e7\u00e3o sobre os super-ricos.<\/p>\n<p><strong>Fonte: Contraf-CUT<\/strong><\/p>\n","protected":false},"excerpt":{"rendered":"<p>Terminou hoje a 17\u00aa Plen\u00e1ria Nacional da CUT. Foram quatro dias de debates intensos na quadra dos banc\u00e1rios, localizada na capital paulista, para a aprova\u00e7\u00e3o de resolu\u00e7\u00f5es, culminando, nesta sexta-feira, com a aprova\u00e7\u00e3o do Plano de Lutas para o pr\u00f3ximo bi\u00eanio. \u201cSa\u00edmos daqui com debates muito bons, de renova\u00e7\u00e3o das estrat\u00e9gias sindicais cutistas, para nosso [&hellip;]<\/p>\n","protected":false},"author":2,"featured_media":16822,"comment_status":"","ping_status":"","sticky":false,"template":"","format":"standard","meta":{"footnotes":""},"categories":[3],"tags":[],"class_list":["post-16823","post","type-post","status-publish","format-standard","has-post-thumbnail","hentry","category-noticias"],"_links":{"self":[{"href":"https:\/\/hostnetart.com.br\/baixada\/wp-json\/wp\/v2\/posts\/16823","targetHints":{"allow":["GET"]}}],"collection":[{"href":"https:\/\/hostnetart.com.br\/baixada\/wp-json\/wp\/v2\/posts"}],"about":[{"href":"https:\/\/hostnetart.com.br\/baixada\/wp-json\/wp\/v2\/types\/post"}],"author":[{"embeddable":true,"href":"https:\/\/hostnetart.com.br\/baixada\/wp-json\/wp\/v2\/users\/2"}],"replies":[{"embeddable":true,"href":"https:\/\/hostnetart.com.br\/baixada\/wp-json\/wp\/v2\/comments?post=16823"}],"version-history":[{"count":0,"href":"https:\/\/hostnetart.com.br\/baixada\/wp-json\/wp\/v2\/posts\/16823\/revisions"}],"wp:featuredmedia":[{"embeddable":true,"href":"https:\/\/hostnetart.com.br\/baixada\/wp-json\/wp\/v2\/media\/16822"}],"wp:attachment":[{"href":"https:\/\/hostnetart.com.br\/baixada\/wp-json\/wp\/v2\/media?parent=16823"}],"wp:term":[{"taxonomy":"category","embeddable":true,"href":"https:\/\/hostnetart.com.br\/baixada\/wp-json\/wp\/v2\/categories?post=16823"},{"taxonomy":"post_tag","embeddable":true,"href":"https:\/\/hostnetart.com.br\/baixada\/wp-json\/wp\/v2\/tags?post=16823"}],"curies":[{"name":"wp","href":"https:\/\/api.w.org\/{rel}","templated":true}]}}