{"id":1682,"date":"2013-11-01T00:00:00","date_gmt":"2013-11-01T02:00:00","guid":{"rendered":"https:\/\/hostnetart.com.br\/baixada\/cut-quer-fim-do-fator-previdenciario-queda-dos-juros-e-nova-tabela-de-ir\/"},"modified":"2013-11-01T00:00:00","modified_gmt":"2013-11-01T02:00:00","slug":"cut-quer-fim-do-fator-previdenciario-queda-dos-juros-e-nova-tabela-de-ir","status":"publish","type":"post","link":"https:\/\/hostnetart.com.br\/baixada\/cut-quer-fim-do-fator-previdenciario-queda-dos-juros-e-nova-tabela-de-ir\/","title":{"rendered":"CUT quer fim do fator previdenci\u00e1rio, queda dos juros e nova tabela de IR"},"content":{"rendered":"<p>A CUT e as demais centrais sindicais do pa\u00eds v\u00e3o fazer em novembro manifesta\u00e7\u00f5es e paralisa\u00e7\u00f5es no Brasil inteiro para reivindicar o fim do fator previdenci\u00e1rio, a redu\u00e7\u00e3o das taxas de juros e a corre\u00e7\u00e3o da tabela do Imposto de Renda.<\/p>\n<p>\u00a0<br \/>A manifesta\u00e7\u00e3o pelo fim do fator previdenci\u00e1rio dever\u00e1 ser realizada em 12 de novembro. A cr\u00edtica a esse mecanismo criado no governo FHC \u00e9 porque se trata de uma f\u00f3rmula de c\u00e1lculo que dificulta o acesso \u00e0 aposentadoria.<\/p>\n<p>\u00a0<br \/>Al\u00e9m do mais, segundo a CUT, em fun\u00e7\u00e3o da pauta e das mobiliza\u00e7\u00f5es da classe trabalhadora, o governo estabeleceu uma mesa de negocia\u00e7\u00e3o, chamou v\u00e1rios ministros, representantes das centrais sindicais, estabeleceu um prazo de 60 dias para apresentar uma proposta para acabar com o fator previdenci\u00e1rio ou implementar a F\u00f3rmula 85\/95 e n\u00e3o fez nada.<\/p>\n<p>\u00a0<br \/>A CUT entende que um governo democr\u00e1tico-popular, como esse que os trabalhadores ajudaram a eleger, tem obriga\u00e7\u00e3o de acabar com o fator previdenci\u00e1rio.<\/p>\n<p>\u00a0<br \/>No caso da luta contra o aumento das taxas de juros como forma de combater a infla\u00e7\u00e3o, a CUT observa que o Copom, organizado atualmente pelos ministros do Planejamento, Fazenda e pelo presidente do BC, precisa ouvir a sociedade na tomada das decis\u00f5es. A luta, portanto, \u00e9 por altera\u00e7\u00e3o no Conselho Monet\u00e1rio Nacional \u2013 os trabalhadores querem participar do Copom.<\/p>\n<p>\u00a0<br \/>Outra luta ser\u00e1 pela atualiza\u00e7\u00e3o da tabela do Imposto de Renda. O governo deveria corrigir a tabela todos os anos porque, caso contr\u00e1rio, o IR corr\u00f3i os reajustes que os trabalhadores conquistam com muita luta em suas campanhas salariais.<\/p>\n<p>\u00a0<\/p>\n<p>A CUT avalia que todos os anos a tabela de Imposto de Renda tem de ser corrigida para beneficiar, principalmente, os trabalhadores de baixa renda que s\u00e3o os mais prejudicados.<\/p>\n<p>\u00a0<br \/>Fonte: Contraf-CUT com Fenae<\/p>\n","protected":false},"excerpt":{"rendered":"<p>A CUT e as demais centrais sindicais do pa\u00eds v\u00e3o fazer em novembro manifesta\u00e7\u00f5es e paralisa\u00e7\u00f5es no Brasil inteiro para reivindicar o fim do fator previdenci\u00e1rio, a redu\u00e7\u00e3o das taxas de juros e a corre\u00e7\u00e3o da tabela do Imposto de Renda. \u00a0A manifesta\u00e7\u00e3o pelo fim do fator previdenci\u00e1rio dever\u00e1 ser realizada em 12 de novembro. [&hellip;]<\/p>\n","protected":false},"author":1,"featured_media":0,"comment_status":"","ping_status":"","sticky":false,"template":"","format":"standard","meta":{"footnotes":""},"categories":[3],"tags":[],"class_list":["post-1682","post","type-post","status-publish","format-standard","hentry","category-noticias"],"_links":{"self":[{"href":"https:\/\/hostnetart.com.br\/baixada\/wp-json\/wp\/v2\/posts\/1682","targetHints":{"allow":["GET"]}}],"collection":[{"href":"https:\/\/hostnetart.com.br\/baixada\/wp-json\/wp\/v2\/posts"}],"about":[{"href":"https:\/\/hostnetart.com.br\/baixada\/wp-json\/wp\/v2\/types\/post"}],"author":[{"embeddable":true,"href":"https:\/\/hostnetart.com.br\/baixada\/wp-json\/wp\/v2\/users\/1"}],"replies":[{"embeddable":true,"href":"https:\/\/hostnetart.com.br\/baixada\/wp-json\/wp\/v2\/comments?post=1682"}],"version-history":[{"count":0,"href":"https:\/\/hostnetart.com.br\/baixada\/wp-json\/wp\/v2\/posts\/1682\/revisions"}],"wp:attachment":[{"href":"https:\/\/hostnetart.com.br\/baixada\/wp-json\/wp\/v2\/media?parent=1682"}],"wp:term":[{"taxonomy":"category","embeddable":true,"href":"https:\/\/hostnetart.com.br\/baixada\/wp-json\/wp\/v2\/categories?post=1682"},{"taxonomy":"post_tag","embeddable":true,"href":"https:\/\/hostnetart.com.br\/baixada\/wp-json\/wp\/v2\/tags?post=1682"}],"curies":[{"name":"wp","href":"https:\/\/api.w.org\/{rel}","templated":true}]}}