{"id":16819,"date":"2025-10-16T14:55:12","date_gmt":"2025-10-16T17:55:12","guid":{"rendered":"https:\/\/hostnetart.com.br\/baixada\/saude-caixa-entenda-a-importancia-do-reajuste-zero\/"},"modified":"2025-10-16T14:55:12","modified_gmt":"2025-10-16T17:55:12","slug":"saude-caixa-entenda-a-importancia-do-reajuste-zero","status":"publish","type":"post","link":"https:\/\/hostnetart.com.br\/baixada\/saude-caixa-entenda-a-importancia-do-reajuste-zero\/","title":{"rendered":"Sa\u00fade Caixa: Entenda a import\u00e2ncia do reajuste zero"},"content":{"rendered":"<p>Enquanto milh\u00f5es de <strong>brasileiros enfrentam aumentos recordes nas mensalidades dos planos de sa\u00fade<\/strong>, as <strong>empregadas e<\/strong> <strong>os empregados da Caixa Econ\u00f4mica Federal conquistaram uma vit\u00f3ria hist\u00f3rica<\/strong>: o reajuste zero no Sa\u00fade Caixa em 2025. A conquista, fruto de negocia\u00e7\u00e3o e mobiliza\u00e7\u00e3o conduzida pela Comiss\u00e3o Executiva dos Empregados (CEE) da Caixa, que assessora a Contraf-CUT e o Comando Nacional dos Banc\u00e1rios nas negocia\u00e7\u00f5es com o banco, representa um <strong>respiro em meio a uma d\u00e9cada marcada pela escalada dos custos m\u00e9dicos<\/strong>.<\/p>\n<h2><strong>Planos de sa\u00fade sobem at\u00e9 383% em dez anos<\/strong><\/h2>\n<p>Segundo <a href=\"https:\/\/valor.globo.com\/empresas\/noticia\/2025\/07\/08\/reajuste-de-plano-de-saude-acumula-alta-de-ate-383-na-decada-e-crescimento-desacelera.ghtml\">levantamento da consultoria Arquitetos da Sa\u00fade<\/a>, divulgado pelo jornal Valor Econ\u00f4mico em 8 de julho de 2025, os <strong>planos coletivos acumularam alta de 383,5% entre 2015 e 2025<\/strong>, enquanto os planos individuais subiram 146,48% no mesmo per\u00edodo \u2014 <strong>mais de quatro vezes a infla\u00e7\u00e3o oficial<\/strong>, medida pelo IPCA, que ficou em 84%.<\/p>\n<p>A chamada <strong>\u201cinfla\u00e7\u00e3o m\u00e9dica\u201d<\/strong> \u2014 que mede o avan\u00e7o dos custos de consultas, exames, interna\u00e7\u00f5es e medicamentos \u2014 <strong>chegou a 12,7% em 2025<\/strong>, acima da m\u00e9dia global de 10,9%. O envelhecimento da popula\u00e7\u00e3o, novas tecnologias e a judicializa\u00e7\u00e3o da sa\u00fade s\u00e3o apontados como fatores que pressionam os pre\u00e7os.<\/p>\n<p>Esses aumentos v\u00eam pesando nos or\u00e7amentos de empresas e trabalhadores. Hoje, <strong>55% das companhias j\u00e1 repassam parte do custo do plano aos empregados<\/strong>, pr\u00e1tica que vinha diminuindo at\u00e9 2021, mas voltou a crescer diante da disparada dos pre\u00e7os.<\/p>\n<h2><strong>Reajuste zero: um al\u00edvio conquistado pela mobiliza\u00e7\u00e3o<\/strong><\/h2>\n<p>Nesse cen\u00e1rio, a <strong>manuten\u00e7\u00e3o das mensalidades e da coparticipa\u00e7\u00e3o no Sa\u00fade Caixa<\/strong> ganha ainda mais relev\u00e2ncia. A medida <strong>garante estabilidade no valor pago por empregadas, empregados e aposentados da Caixa<\/strong>, preservando o acesso \u00e0 sa\u00fade de qualidade em um momento em que os custos do setor disparam.<\/p>\n<p>O resultado \u00e9 fruto direto da press\u00e3o e unidade da categoria. Em mesa de negocia\u00e7\u00f5es com o banco, <strong>a representa\u00e7\u00e3o sindical conseguiu manter as regras atuais de custeio <a href=\"https:\/\/contrafcut.com.br\/noticias\/empregados-conquistam-reajuste-zero-para-o-saude-caixa\/\" target=\"_blank\" rel=\"noopener noreferrer\">sem aumento da participa\u00e7\u00e3o dos empregados<\/a><\/strong>, frente a despesas cada vez maiores. \u201cEssa conquista demonstra o quanto s\u00e3o fundamentais a organiza\u00e7\u00e3o e a negocia\u00e7\u00e3o coletiva. Sem isso, o custo da assist\u00eancia \u00e0 sa\u00fade pesaria muito mais no bolso dos trabalhadores\u201d, destacou o coordenador da CEE\/Caixa, Felipe Pacheco.<\/p>\n<h2><strong>Defesa do modelo e sustentabilidade<\/strong><\/h2>\n<p>O acordo tamb\u00e9m reafirma a <strong>import\u00e2ncia do Sa\u00fade Caixa como um plano de autogest\u00e3o<\/strong>, modelo que se diferencia dos planos comerciais e visa garantir o equil\u00edbrio entre sustentabilidade e prote\u00e7\u00e3o aos empregados.<\/p>\n<p>\u201cA manuten\u00e7\u00e3o desse modelo depende do <strong>compromisso coletivo<\/strong> de empregados e da empresa, que compartilham custos e responsabilidades\u201d, observou o diretor e representante da Contraf-CUT na CEE, Rafael de Castro.<\/p>\n<p>Leia mat\u00e9ria com <a href=\"https:\/\/contrafcut.com.br\/noticias\/duvidas-sobre-a-proposta-do-saude-caixa-confira-as-respostas-para-as-perguntas-mais-frequentes\/\" target=\"_blank\" rel=\"noopener noreferrer\">respostas detalhadas \u00e0s d\u00favidas mais frequentes sobre a proposta do ACT Sa\u00fade Caixa<\/a>, esclarecendo pontos como cobertura, coparticipa\u00e7\u00e3o e os crit\u00e9rios de custeio.<\/p>\n<p>\u201cA transpar\u00eancia nas informa\u00e7\u00f5es \u00e9 essencial para fortalecer a confian\u00e7a da categoria e evitar desinforma\u00e7\u00e3o neste processo de aprova\u00e7\u00e3o do acordo\u201d, observou Rafael.<\/p>\n<h2><strong>Conquista coletiva em tempos de crise<\/strong><\/h2>\n<p>Em um pa\u00eds onde os planos de sa\u00fade se tornaram um peso crescente para fam\u00edlias e empresas, o reajuste zero obtido pelos empregados da Caixa simboliza mais do que um resultado financeiro \u2014 \u00e9 uma <strong>vit\u00f3ria coletiva pela valoriza\u00e7\u00e3o do trabalho e pelo direito \u00e0 sa\u00fade<\/strong>.<\/p>\n<p>\u201cManter o Sa\u00fade Caixa forte e acess\u00edvel \u00e9 defender n\u00e3o s\u00f3 um benef\u00edcio, mas uma conquista civilizat\u00f3ria dentro da empresa p\u00fablica\u201d, resumiu o coordenador da CEE\/Caixa, Felipe Pacheco.<\/p>\n<p><b>Fonte: Contraf-CUT<\/b><\/p>\n","protected":false},"excerpt":{"rendered":"<p>Enquanto milh\u00f5es de brasileiros enfrentam aumentos recordes nas mensalidades dos planos de sa\u00fade, as empregadas e os empregados da Caixa Econ\u00f4mica Federal conquistaram uma vit\u00f3ria hist\u00f3rica: o reajuste zero no Sa\u00fade Caixa em 2025. A conquista, fruto de negocia\u00e7\u00e3o e mobiliza\u00e7\u00e3o conduzida pela Comiss\u00e3o Executiva dos Empregados (CEE) da Caixa, que assessora a Contraf-CUT e [&hellip;]<\/p>\n","protected":false},"author":2,"featured_media":16818,"comment_status":"","ping_status":"","sticky":false,"template":"","format":"standard","meta":{"footnotes":""},"categories":[3],"tags":[],"class_list":["post-16819","post","type-post","status-publish","format-standard","has-post-thumbnail","hentry","category-noticias"],"_links":{"self":[{"href":"https:\/\/hostnetart.com.br\/baixada\/wp-json\/wp\/v2\/posts\/16819","targetHints":{"allow":["GET"]}}],"collection":[{"href":"https:\/\/hostnetart.com.br\/baixada\/wp-json\/wp\/v2\/posts"}],"about":[{"href":"https:\/\/hostnetart.com.br\/baixada\/wp-json\/wp\/v2\/types\/post"}],"author":[{"embeddable":true,"href":"https:\/\/hostnetart.com.br\/baixada\/wp-json\/wp\/v2\/users\/2"}],"replies":[{"embeddable":true,"href":"https:\/\/hostnetart.com.br\/baixada\/wp-json\/wp\/v2\/comments?post=16819"}],"version-history":[{"count":0,"href":"https:\/\/hostnetart.com.br\/baixada\/wp-json\/wp\/v2\/posts\/16819\/revisions"}],"wp:featuredmedia":[{"embeddable":true,"href":"https:\/\/hostnetart.com.br\/baixada\/wp-json\/wp\/v2\/media\/16818"}],"wp:attachment":[{"href":"https:\/\/hostnetart.com.br\/baixada\/wp-json\/wp\/v2\/media?parent=16819"}],"wp:term":[{"taxonomy":"category","embeddable":true,"href":"https:\/\/hostnetart.com.br\/baixada\/wp-json\/wp\/v2\/categories?post=16819"},{"taxonomy":"post_tag","embeddable":true,"href":"https:\/\/hostnetart.com.br\/baixada\/wp-json\/wp\/v2\/tags?post=16819"}],"curies":[{"name":"wp","href":"https:\/\/api.w.org\/{rel}","templated":true}]}}