{"id":16809,"date":"2025-10-10T20:26:43","date_gmt":"2025-10-10T23:26:43","guid":{"rendered":"https:\/\/hostnetart.com.br\/baixada\/empregados-conquistam-reajuste-zero-para-o-saude-caixa\/"},"modified":"2025-10-10T20:26:43","modified_gmt":"2025-10-10T23:26:43","slug":"empregados-conquistam-reajuste-zero-para-o-saude-caixa","status":"publish","type":"post","link":"https:\/\/hostnetart.com.br\/baixada\/empregados-conquistam-reajuste-zero-para-o-saude-caixa\/","title":{"rendered":"Empregados conquistam reajuste zero para o Sa\u00fade Caixa"},"content":{"rendered":"<\/p>\n<p>Depois das fortes mobiliza\u00e7\u00f5es ocorridas nesta semana nas ag\u00eancias e unidades administrativas da Caixa, as negocia\u00e7\u00f5es avan\u00e7aram na mesa de negocia\u00e7\u00f5es desta sexta-feira (10) para uma proposta de renova\u00e7\u00e3o do Acordo Coletivo de Trabalho (ACT) do Sa\u00fade Caixa com a manuten\u00e7\u00e3o do percentual do sal\u00e1rio a ser pago pelos titulares (3,5%) e do valor fixo pago pelos dependentes (R$ 480).<\/p>\n<p>\u201cTivemos grandes atos em todo o pa\u00eds, que demostraram o engajamento e a disposi\u00e7\u00e3o das empregadas e empregados para defender as reivindica\u00e7\u00f5es apresentadas ao banco. Essa participa\u00e7\u00e3o em massa nas atividades propostas pelas entidades sindicais e associativas foi um alerta para que a Caixa trouxesse uma proposta que atenda nossas reivindica\u00e7\u00f5es b\u00e1sicas\u201d, disse o coordenador da Comiss\u00e3o Executiva dos Empregados (CEE) da Caixa, Felipe Pacheco.<\/p>\n<p>O diretor e representante da Contraf-CUT na mesa de negocia\u00e7\u00f5es com a Caixa, Rafael de Castro, refor\u00e7a a import\u00e2ncia das manifesta\u00e7\u00f5es. \u201cA mobiliza\u00e7\u00e3o levou \u00e0 conquista. Precisamos manter essa mobiliza\u00e7\u00e3o para trabalharmos pelo fim do teto de 6,5% para gastos da Caixa com a sa\u00fade dos empregados e pelo direito de os admitidos a partir de setembro de 2018 manter o plano de sa\u00fade ap\u00f3s a aposentadoria com as mesmas condi\u00e7\u00f5es de quem tem mais tempo de banco\u201d, disse. \u201cBem como para tratarmos de outras quest\u00f5es que afetam o dia a dia de trabalho nas ag\u00eancias e unidades administrativas do banco\u201d, completou.<\/p>\n<h2><strong>Valoriza\u00e7\u00e3o da conquista e da mesa de negocia\u00e7\u00f5es<\/strong><\/h2>\n<p>O presidente da Federa\u00e7\u00e3o Nacional das Associa\u00e7\u00f5es do Pessoal da Caixa (Fenae), Sergio Takemoto, ressaltou a import\u00e2ncia da mesa de negocia\u00e7\u00f5es. \u201cPrecisamos valorizar a conquista das negocia\u00e7\u00f5es, que atende nossas principais reivindica\u00e7\u00f5es, como o reajuste zero nas mensalidades do nosso plano de sa\u00fade\u201d, disse o presidente da Fenae.<\/p>\n<p>O acordo ser\u00e1 avaliado pelo Comando Nacional dos Banc\u00e1rios e, encaminhado para avalia\u00e7\u00e3o em assembleias dos empregados da Caixa em todo o pa\u00eds.<\/p>\n<h2><strong>Veja abaixo o resumo da proposta<\/strong><\/h2>\n<p><strong>Pauta de Reivindica\u00e7\u00f5es Atendidas<\/strong><br \/>\u2022\u00a0\u00a0 \u00a0Reajuste zero, permanecendo as regras atuais;<br \/>\u2022\u00a0\u00a0 \u00a0Respeito ao pacto intergeracional e mutualismo;<br \/>\u2022\u00a0\u00a0 \u00a0Amplia\u00e7\u00e3o do plano de sa\u00fade para filhos at\u00e9 27 anos (R$ 800,00);<br \/>\u2022\u00a0\u00a0 \u00a0ACT v\u00e1lido at\u00e9 a pr\u00f3xima data-base (31\/08\/2026).<\/p>\n<p><strong>Outros pontos negociados em 2025<\/strong><br \/>\u2022\u00a0\u00a0 \u00a0Ser\u00e3o vertidas ao Sa\u00fade Caixa as contribui\u00e7\u00f5es, patronal e pessoal, incidentes sobre valores pagos a empegados e ex-empregados, decorrentes de processos judiciais trabalhistas individuais, coletivos e acordo judiciais que tenham como objeto parcelas de natureza salarial. (a partir da assinatura do acordo);<br \/>\u2022\u00a0\u00a0 \u00a0N\u00e3o poder\u00e1 haver retorno ao plano ap\u00f3s eventual sa\u00edda (cancelamento do plano). Para aqueles que j\u00e1 sa\u00edram do plano, ser\u00e1 concedido um prazo a ser estabelecido a partir da vig\u00eancia do acordo;<br \/>\u2022\u00a0\u00a0 \u00a0Car\u00eancia de 3 meses para novos contratados;<br \/>\u2022\u00a0\u00a0 \u00a0Elabora\u00e7\u00e3o de medidas estruturantes em 2026, com vistas \u00e0 sustentabilidade do plano. Com retomada j\u00e1 em Novembro das mesas permanentes de negocia\u00e7\u00e3o com vistas a preparar o debate para o pr\u00f3ximo ano<\/p>\n<p><b>Fonte: Contraf-CUT<\/b><\/p>\n","protected":false},"excerpt":{"rendered":"<p>Depois das fortes mobiliza\u00e7\u00f5es ocorridas nesta semana nas ag\u00eancias e unidades administrativas da Caixa, as negocia\u00e7\u00f5es avan\u00e7aram na mesa de negocia\u00e7\u00f5es desta sexta-feira (10) para uma proposta de renova\u00e7\u00e3o do Acordo Coletivo de Trabalho (ACT) do Sa\u00fade Caixa com a manuten\u00e7\u00e3o do percentual do sal\u00e1rio a ser pago pelos titulares (3,5%) e do valor fixo [&hellip;]<\/p>\n","protected":false},"author":2,"featured_media":16808,"comment_status":"","ping_status":"","sticky":false,"template":"","format":"standard","meta":{"footnotes":""},"categories":[3],"tags":[],"class_list":["post-16809","post","type-post","status-publish","format-standard","has-post-thumbnail","hentry","category-noticias"],"_links":{"self":[{"href":"https:\/\/hostnetart.com.br\/baixada\/wp-json\/wp\/v2\/posts\/16809","targetHints":{"allow":["GET"]}}],"collection":[{"href":"https:\/\/hostnetart.com.br\/baixada\/wp-json\/wp\/v2\/posts"}],"about":[{"href":"https:\/\/hostnetart.com.br\/baixada\/wp-json\/wp\/v2\/types\/post"}],"author":[{"embeddable":true,"href":"https:\/\/hostnetart.com.br\/baixada\/wp-json\/wp\/v2\/users\/2"}],"replies":[{"embeddable":true,"href":"https:\/\/hostnetart.com.br\/baixada\/wp-json\/wp\/v2\/comments?post=16809"}],"version-history":[{"count":0,"href":"https:\/\/hostnetart.com.br\/baixada\/wp-json\/wp\/v2\/posts\/16809\/revisions"}],"wp:featuredmedia":[{"embeddable":true,"href":"https:\/\/hostnetart.com.br\/baixada\/wp-json\/wp\/v2\/media\/16808"}],"wp:attachment":[{"href":"https:\/\/hostnetart.com.br\/baixada\/wp-json\/wp\/v2\/media?parent=16809"}],"wp:term":[{"taxonomy":"category","embeddable":true,"href":"https:\/\/hostnetart.com.br\/baixada\/wp-json\/wp\/v2\/categories?post=16809"},{"taxonomy":"post_tag","embeddable":true,"href":"https:\/\/hostnetart.com.br\/baixada\/wp-json\/wp\/v2\/tags?post=16809"}],"curies":[{"name":"wp","href":"https:\/\/api.w.org\/{rel}","templated":true}]}}