{"id":16807,"date":"2025-10-09T13:36:11","date_gmt":"2025-10-09T16:36:11","guid":{"rendered":"https:\/\/hostnetart.com.br\/baixada\/caixa-manifestacoes-se-intensificam\/"},"modified":"2025-10-09T13:36:11","modified_gmt":"2025-10-09T16:36:11","slug":"caixa-manifestacoes-se-intensificam","status":"publish","type":"post","link":"https:\/\/hostnetart.com.br\/baixada\/caixa-manifestacoes-se-intensificam\/","title":{"rendered":"Caixa: Manifesta\u00e7\u00f5es se intensificam"},"content":{"rendered":"<p>As empregadas e empregados da Caixa Econ\u00f4mica Federal realizam, desde ter\u00e7a-feira (7), manifesta\u00e7\u00f5es nas ag\u00eancias e unidades administrativas do banco cobrando o atendimento de reivindica\u00e7\u00f5es para a renova\u00e7\u00e3o do Acordo Coletivo de Trabalho (ACT) espec\u00edfico do Sa\u00fade Caixa, o plano de sa\u00fade do pessoal da Caixa.<\/p>\n<p>As manifesta\u00e7\u00f5es continuam nesta quinta-feira (9), com mais um Dia Nacional de Luta, e prosseguem at\u00e9 sexta-feira (10), quando ocorrer\u00e1 mais uma mesa de negocia\u00e7\u00f5es com o banco.<\/p>\n<p>\u201cNa ter\u00e7a-feira ocorreram grandes manifesta\u00e7\u00f5es em todo o pa\u00eds, inclusive com a paralisa\u00e7\u00e3o das atividades na Matriz 2, em Bras\u00edlia, que alertaram o banco quanto nossa mobiliza\u00e7\u00e3o e disponibilidade para lutarmos pelo reajuste zero nas mensalidades do nosso plano de sa\u00fade, bem como pelas demais reivindica\u00e7\u00f5es pela melhoria da qualidade da rede de atendimento e pela sustentabilidade do plano\u201d, observou o coordenador da Comiss\u00e3o Executiva dos Empregados (CEE) da Caixa, Felipe Pacheco. \u201cHoje tamb\u00e9m ocorrem manifesta\u00e7\u00f5es e nesta quinta-feira (9), elas se intensificar\u00e3o, com a realiza\u00e7\u00e3o de mais um Dia Nacional de Luta em defesa do Sa\u00fade Caixa\u201d, completou.<\/p>\n<p><img fetchpriority=\"high\" decoding=\"async\" class=\"alignnone size-full wp-image-28647\" src=\"https:\/\/fetrafrjes.org.br\/wp-content\/uploads\/2025\/10\/Caixa-Manifestacoes-se-intensificam-2.jpeg\" alt=\"\" width=\"630\" height=\"325\" \/><\/p>\n<p><strong>Fonte: Contraf-CUT<\/strong><\/p>\n","protected":false},"excerpt":{"rendered":"<p>As empregadas e empregados da Caixa Econ\u00f4mica Federal realizam, desde ter\u00e7a-feira (7), manifesta\u00e7\u00f5es nas ag\u00eancias e unidades administrativas do banco cobrando o atendimento de reivindica\u00e7\u00f5es para a renova\u00e7\u00e3o do Acordo Coletivo de Trabalho (ACT) espec\u00edfico do Sa\u00fade Caixa, o plano de sa\u00fade do pessoal da Caixa. As manifesta\u00e7\u00f5es continuam nesta quinta-feira (9), com mais um [&hellip;]<\/p>\n","protected":false},"author":2,"featured_media":16806,"comment_status":"","ping_status":"","sticky":false,"template":"","format":"standard","meta":{"footnotes":""},"categories":[3],"tags":[],"class_list":["post-16807","post","type-post","status-publish","format-standard","has-post-thumbnail","hentry","category-noticias"],"_links":{"self":[{"href":"https:\/\/hostnetart.com.br\/baixada\/wp-json\/wp\/v2\/posts\/16807","targetHints":{"allow":["GET"]}}],"collection":[{"href":"https:\/\/hostnetart.com.br\/baixada\/wp-json\/wp\/v2\/posts"}],"about":[{"href":"https:\/\/hostnetart.com.br\/baixada\/wp-json\/wp\/v2\/types\/post"}],"author":[{"embeddable":true,"href":"https:\/\/hostnetart.com.br\/baixada\/wp-json\/wp\/v2\/users\/2"}],"replies":[{"embeddable":true,"href":"https:\/\/hostnetart.com.br\/baixada\/wp-json\/wp\/v2\/comments?post=16807"}],"version-history":[{"count":0,"href":"https:\/\/hostnetart.com.br\/baixada\/wp-json\/wp\/v2\/posts\/16807\/revisions"}],"wp:featuredmedia":[{"embeddable":true,"href":"https:\/\/hostnetart.com.br\/baixada\/wp-json\/wp\/v2\/media\/16806"}],"wp:attachment":[{"href":"https:\/\/hostnetart.com.br\/baixada\/wp-json\/wp\/v2\/media?parent=16807"}],"wp:term":[{"taxonomy":"category","embeddable":true,"href":"https:\/\/hostnetart.com.br\/baixada\/wp-json\/wp\/v2\/categories?post=16807"},{"taxonomy":"post_tag","embeddable":true,"href":"https:\/\/hostnetart.com.br\/baixada\/wp-json\/wp\/v2\/tags?post=16807"}],"curies":[{"name":"wp","href":"https:\/\/api.w.org\/{rel}","templated":true}]}}