{"id":16805,"date":"2025-10-09T13:31:23","date_gmt":"2025-10-09T16:31:23","guid":{"rendered":"https:\/\/hostnetart.com.br\/baixada\/cebb-cobra-suspensao-da-reestruturacao-e-critica-ampliacao-da-jornada-para-oito-horas-no-banco-do-brasil\/"},"modified":"2025-10-09T13:31:23","modified_gmt":"2025-10-09T16:31:23","slug":"cebb-cobra-suspensao-da-reestruturacao-e-critica-ampliacao-da-jornada-para-oito-horas-no-banco-do-brasil","status":"publish","type":"post","link":"https:\/\/hostnetart.com.br\/baixada\/cebb-cobra-suspensao-da-reestruturacao-e-critica-ampliacao-da-jornada-para-oito-horas-no-banco-do-brasil\/","title":{"rendered":"CEBB cobra suspens\u00e3o da reestrutura\u00e7\u00e3o e critica amplia\u00e7\u00e3o da jornada para oito horas no Banco do Brasil"},"content":{"rendered":"<p>A Comiss\u00e3o de Empresa dos Funcion\u00e1rios do Banco do Brasil (CEBB) cobrou da dire\u00e7\u00e3o do BB, em reuni\u00e3o virtual realizada na segunda-feira (6), a suspens\u00e3o imediata da reestrutura\u00e7\u00e3o iniciada pelo banco dentro do chamado Movimento de Acelera\u00e7\u00e3o Digital (MAD). O programa foi lan\u00e7ado na sexta-feira (3) sem qualquer di\u00e1logo pr\u00e9vio com o movimento sindical, e prev\u00ea, entre outras medidas, a amplia\u00e7\u00e3o da jornada de trabalho de seis para oito horas para 25% dos cargos de assessoramento (assessores I, II e III) em \u00e1reas estrat\u00e9gicas.<\/p>\n<p>O movimento sindical reivindica que o Banco do Brasil n\u00e3o inicie a reestrutura\u00e7\u00e3o e denuncia o clima de inseguran\u00e7a que tomou conta do funcionalismo. \u201cH\u00e1 muito medo de que essas mudan\u00e7as sejam apenas o come\u00e7o, e que, em breve, outras \u00e1reas tamb\u00e9m sejam atingidas, colocando em risco a manuten\u00e7\u00e3o dos cargos de seis horas, uma conquista hist\u00f3rica da categoria\u201d, afirma Fernanda Lopes, coordenadora da CEBB.<\/p>\n<h2><strong>Falta de di\u00e1logo e transpar\u00eancia<\/strong><\/h2>\n<p>Durante a reuni\u00e3o, os representantes da CEBB repudiaram a forma unilateral como o programa foi anunciado e a aus\u00eancia de informa\u00e7\u00f5es concretas. O banco afirmou que um pouco mais de 100 funcion\u00e1rios foram afetados, mas n\u00e3o apresentou n\u00fameros detalhados.<\/p>\n<p>\u201cO BB alegou que at\u00e9 ontem ainda n\u00e3o tinha os dados consolidados de quantos trabalhadores foram atingidos e prometeu repassar essas informa\u00e7\u00f5es. At\u00e9 o momento, isso n\u00e3o aconteceu. Precisamos desses n\u00fameros, por estado e por unidade, para compreender a real dimens\u00e3o do impacto e poder atuar de forma respons\u00e1vel na defesa dos funcion\u00e1rios\u201d, refor\u00e7ou Fernanda.<\/p>\n<h2><strong>Reestrutura\u00e7\u00e3o disfar\u00e7ada<\/strong><\/h2>\n<p>Embora o banco sustente que o novo modelo atinge apenas unidades estrat\u00e9gicas e n\u00e3o a rede operacional \u2014 como ag\u00eancias, PSOs e caixas \u2014, a CEBB alerta que o MAD representa uma nova reestrutura\u00e7\u00e3o, com potencial de se expandir. \u201cO banco tenta apresentar o programa com outra roupagem, mas estamos diante de mais uma reestrutura\u00e7\u00e3o. Hoje come\u00e7a em \u00e1reas estrat\u00e9gicas, mas ningu\u00e9m garante que n\u00e3o \u00e9 apenas a ponta do iceberg\u201d, alerta Fernanda.<\/p>\n<p>Segundo informa\u00e7\u00f5es do pr\u00f3prio BB, a maior parte do funcionalismo impactado est\u00e1 em Bras\u00edlia, com menor concentra\u00e7\u00e3o em S\u00e3o Paulo e casos pontuais no Rio de Janeiro.<\/p>\n<h2><strong>Na contram\u00e3o da hist\u00f3ria<\/strong><\/h2>\n<p>A amplia\u00e7\u00e3o da jornada ocorre justamente num momento em que a sociedade e o movimento sindical lutam pela redu\u00e7\u00e3o da jornada de trabalho e por melhor qualidade de vida. \u201cEnquanto o debate p\u00fablico avan\u00e7a no sentido de reduzir a carga hor\u00e1ria, o Banco do Brasil vai na contram\u00e3o, ampliando a jornada de seis para oito horas para uma parte dos comissionados\u201d, destacou Fernanda.<\/p>\n<h2><strong>Pr\u00f3ximos passos<\/strong><\/h2>\n<p>A CEBB seguir\u00e1 cobrando transpar\u00eancia, di\u00e1logo e respeito ao funcionalismo. \u201cN\u00e3o aceitaremos nenhuma medida que amplie jornada, reduza direitos ou desestruture equipes. O banco precisa ouvir quem est\u00e1 na linha de frente e respeitar o papel das entidades sindicais\u201d, concluiu Fernanda Lopes.<\/p>\n<p><strong>Fonte: Contraf-CUT<\/strong><\/p>\n","protected":false},"excerpt":{"rendered":"<p>A Comiss\u00e3o de Empresa dos Funcion\u00e1rios do Banco do Brasil (CEBB) cobrou da dire\u00e7\u00e3o do BB, em reuni\u00e3o virtual realizada na segunda-feira (6), a suspens\u00e3o imediata da reestrutura\u00e7\u00e3o iniciada pelo banco dentro do chamado Movimento de Acelera\u00e7\u00e3o Digital (MAD). O programa foi lan\u00e7ado na sexta-feira (3) sem qualquer di\u00e1logo pr\u00e9vio com o movimento sindical, e [&hellip;]<\/p>\n","protected":false},"author":2,"featured_media":16804,"comment_status":"","ping_status":"","sticky":false,"template":"","format":"standard","meta":{"footnotes":""},"categories":[3],"tags":[],"class_list":["post-16805","post","type-post","status-publish","format-standard","has-post-thumbnail","hentry","category-noticias"],"_links":{"self":[{"href":"https:\/\/hostnetart.com.br\/baixada\/wp-json\/wp\/v2\/posts\/16805","targetHints":{"allow":["GET"]}}],"collection":[{"href":"https:\/\/hostnetart.com.br\/baixada\/wp-json\/wp\/v2\/posts"}],"about":[{"href":"https:\/\/hostnetart.com.br\/baixada\/wp-json\/wp\/v2\/types\/post"}],"author":[{"embeddable":true,"href":"https:\/\/hostnetart.com.br\/baixada\/wp-json\/wp\/v2\/users\/2"}],"replies":[{"embeddable":true,"href":"https:\/\/hostnetart.com.br\/baixada\/wp-json\/wp\/v2\/comments?post=16805"}],"version-history":[{"count":0,"href":"https:\/\/hostnetart.com.br\/baixada\/wp-json\/wp\/v2\/posts\/16805\/revisions"}],"wp:featuredmedia":[{"embeddable":true,"href":"https:\/\/hostnetart.com.br\/baixada\/wp-json\/wp\/v2\/media\/16804"}],"wp:attachment":[{"href":"https:\/\/hostnetart.com.br\/baixada\/wp-json\/wp\/v2\/media?parent=16805"}],"wp:term":[{"taxonomy":"category","embeddable":true,"href":"https:\/\/hostnetart.com.br\/baixada\/wp-json\/wp\/v2\/categories?post=16805"},{"taxonomy":"post_tag","embeddable":true,"href":"https:\/\/hostnetart.com.br\/baixada\/wp-json\/wp\/v2\/tags?post=16805"}],"curies":[{"name":"wp","href":"https:\/\/api.w.org\/{rel}","templated":true}]}}