{"id":16803,"date":"2025-10-07T15:33:30","date_gmt":"2025-10-07T18:33:30","guid":{"rendered":"https:\/\/hostnetart.com.br\/baixada\/sindicato-realiza-dia-nacional-de-luta-em-defesa-da-saude-caixa-2\/"},"modified":"2025-10-07T15:33:30","modified_gmt":"2025-10-07T18:33:30","slug":"sindicato-realiza-dia-nacional-de-luta-em-defesa-da-saude-caixa-2","status":"publish","type":"post","link":"https:\/\/hostnetart.com.br\/baixada\/sindicato-realiza-dia-nacional-de-luta-em-defesa-da-saude-caixa-2\/","title":{"rendered":"Sindicato realiza Dia Nacional de Luta em defesa da Sa\u00fade Caixa"},"content":{"rendered":"<p>Nesta ter\u00e7a-feira, 7 de setembro, o Sindicato dos Banc\u00e1rios da Baixada Fluminense realizou o\u00a0<strong>Dia Nacional de Luta em Defesa do Sa\u00fade Caixa<\/strong>, com participa\u00e7\u00e3o das empregadas e empregados, em Nova Igua\u00e7u.<\/p>\n<p>O ato ocorreu presencialmente, nas ag\u00eancias e departamentos de todo o pa\u00eds, e nas redes sociais.<\/p>\n<p>Os dirigentes sindicais se reuniram e conversaram com colegas de trabalho, e distribu\u00edram materiais informativos sobre a campanha.<\/p>\n<p>O objetivo do ato \u00e9 informar as empregadas e empregados sobre as negocia\u00e7\u00f5es para renova\u00e7\u00e3o do Acordo Coletivo do Sa\u00fade Caixa, que est\u00e3o em reta final, e mobiliz\u00e1-los para a campanha em defesa do plano e da proposta dos empregados j\u00e1 apesentada ao banco.<\/p>\n<p>A saber:<\/p>\n<ul>\n<li><strong><em>Reajuste zero nas mensalidades do Sa\u00fade Caixa;<\/em><\/strong><\/li>\n<li><strong><em>Fim do teto de custeio de 6,5% da folha salarial;<\/em><\/strong><\/li>\n<li><strong><em>Cumprimento do modelo de custeio 70\/30;<\/em><\/strong><\/li>\n<li><strong><em>Respeito aos princ\u00edpios do mutualismo, solidariedade e ao pacto intergeracional;<\/em><\/strong><\/li>\n<li><strong><em>Melhoria e amplia\u00e7\u00e3o da rede credenciada pr\u00f3pria;<\/em><\/strong><\/li>\n<li><strong><em>Compartilhamento das redes de outros planos;<\/em><\/strong><\/li>\n<li><strong><em>Plano na aposentadoria para contratados depois de 2018;<\/em><\/strong><\/li>\n<li><strong><em>Fortalecimento do GT Sa\u00fade Caixa;<\/em><\/strong><\/li>\n<li><strong><em>Fortalecimento do Conselho de Usu\u00e1rios;<\/em><\/strong><\/li>\n<li><strong><em>Maior participa\u00e7\u00e3o dos usu\u00e1rios e representantes dos trabalhadores na gest\u00e3o do plano;<\/em><\/strong><\/li>\n<li><strong><em>Funcionamento efetivo dos comit\u00eas de credenciamento;<\/em><\/strong><\/li>\n<li><strong><em>Aporte pela Caixa dos valores pagos a menor.<\/em><\/strong><\/li>\n<\/ul>\n<p><strong>NEGOCIA\u00c7\u00c3O<\/strong><\/p>\n<p>Na \u00faltima segunda-feira (6\/10), a Caixa Econ\u00f4mica Federal negou a extin\u00e7\u00e3o do teto de 6,5% da folha salarial para os seus gastos com a sa\u00fade de seus empregados e apresentou uma proposta para o Acordo Coletivo de Trabalho do Sa\u00fade Caixa com aumento do percentual de contribui\u00e7\u00e3o dos titulares de 3,5% para 5,5%.<\/p>\n<p>A proposta do banco ainda prev\u00ea reajuste do valor a ser pago por dependente, de R$ 480 para R$ 672. Pela proposta da Caixa, os valores m\u00e1ximos a serem pagos pelas empregadas e empregados sofrer\u00e3o reajuste m\u00e9dio de 71%, passando de at\u00e9 7% para at\u00e9 12% da remunera\u00e7\u00e3o base.<\/p>\n<p>Tamb\u00e9m pela proposta do banco, o reajuste m\u00e9dio nas contribui\u00e7\u00f5es dos titulares pode chegar a 57,14%. Para os dependes a 40% e os valores m\u00e1ximos a serem pagos pelas empregadas e empregados sofreria um acr\u00e9scimo de 71%.<\/p>\n<p>A Comiss\u00e3o Executiva dos Empregados (CEE) da Caixa recusou a proposta em mesa.<\/p>\n<p>As negocia\u00e7\u00f5es foram retomadas nesta ter\u00e7a-feira (7).<\/p>\n<p><img decoding=\"async\" class=\" size-full wp-image-16799\" src=\"https:\/\/hostnetart.com.br\/baixada\/wp-content\/uploads\/2025\/10\/9c69d2f0-9397-4c17-b397-74533a88fa79-scaled.jpeg\" width=\"520\" srcset=\"https:\/\/hostnetart.com.br\/baixada\/wp-content\/uploads\/2025\/10\/9c69d2f0-9397-4c17-b397-74533a88fa79-scaled.jpeg 1920w, https:\/\/hostnetart.com.br\/baixada\/wp-content\/uploads\/2025\/10\/9c69d2f0-9397-4c17-b397-74533a88fa79-450x600.jpeg 450w, https:\/\/hostnetart.com.br\/baixada\/wp-content\/uploads\/2025\/10\/9c69d2f0-9397-4c17-b397-74533a88fa79-768x1024.jpeg 768w, https:\/\/hostnetart.com.br\/baixada\/wp-content\/uploads\/2025\/10\/9c69d2f0-9397-4c17-b397-74533a88fa79-1152x1536.jpeg 1152w, https:\/\/hostnetart.com.br\/baixada\/wp-content\/uploads\/2025\/10\/9c69d2f0-9397-4c17-b397-74533a88fa79-1536x2048.jpeg 1536w\" sizes=\"(max-width: 1920px) 100vw, 1920px\" \/><\/p>\n<p><img decoding=\"async\" class=\" size-full wp-image-16802\" src=\"https:\/\/hostnetart.com.br\/baixada\/wp-content\/uploads\/2025\/10\/bda732e8.jpg\" width=\"520\" srcset=\"https:\/\/hostnetart.com.br\/baixada\/wp-content\/uploads\/2025\/10\/bda732e8.jpg 1200w, https:\/\/hostnetart.com.br\/baixada\/wp-content\/uploads\/2025\/10\/bda732e8-450x600.jpg 450w, https:\/\/hostnetart.com.br\/baixada\/wp-content\/uploads\/2025\/10\/bda732e8-768x1024.jpg 768w, https:\/\/hostnetart.com.br\/baixada\/wp-content\/uploads\/2025\/10\/bda732e8-1152x1536.jpg 1152w\" sizes=\"(max-width: 1200px) 100vw, 1200px\" \/><\/p>\n<p><em>*confira mais fotos em nossas redes sociais<\/em><\/p>\n","protected":false},"excerpt":{"rendered":"<p>Nesta ter\u00e7a-feira, 7 de setembro, o Sindicato dos Banc\u00e1rios da Baixada Fluminense realizou o\u00a0Dia Nacional de Luta em Defesa do Sa\u00fade Caixa, com participa\u00e7\u00e3o das empregadas e empregados, em Nova Igua\u00e7u. O ato ocorreu presencialmente, nas ag\u00eancias e departamentos de todo o pa\u00eds, e nas redes sociais. Os dirigentes sindicais se reuniram e conversaram com [&hellip;]<\/p>\n","protected":false},"author":2,"featured_media":16801,"comment_status":"","ping_status":"","sticky":false,"template":"","format":"standard","meta":{"footnotes":""},"categories":[3],"tags":[],"class_list":["post-16803","post","type-post","status-publish","format-standard","has-post-thumbnail","hentry","category-noticias"],"_links":{"self":[{"href":"https:\/\/hostnetart.com.br\/baixada\/wp-json\/wp\/v2\/posts\/16803","targetHints":{"allow":["GET"]}}],"collection":[{"href":"https:\/\/hostnetart.com.br\/baixada\/wp-json\/wp\/v2\/posts"}],"about":[{"href":"https:\/\/hostnetart.com.br\/baixada\/wp-json\/wp\/v2\/types\/post"}],"author":[{"embeddable":true,"href":"https:\/\/hostnetart.com.br\/baixada\/wp-json\/wp\/v2\/users\/2"}],"replies":[{"embeddable":true,"href":"https:\/\/hostnetart.com.br\/baixada\/wp-json\/wp\/v2\/comments?post=16803"}],"version-history":[{"count":0,"href":"https:\/\/hostnetart.com.br\/baixada\/wp-json\/wp\/v2\/posts\/16803\/revisions"}],"wp:featuredmedia":[{"embeddable":true,"href":"https:\/\/hostnetart.com.br\/baixada\/wp-json\/wp\/v2\/media\/16801"}],"wp:attachment":[{"href":"https:\/\/hostnetart.com.br\/baixada\/wp-json\/wp\/v2\/media?parent=16803"}],"wp:term":[{"taxonomy":"category","embeddable":true,"href":"https:\/\/hostnetart.com.br\/baixada\/wp-json\/wp\/v2\/categories?post=16803"},{"taxonomy":"post_tag","embeddable":true,"href":"https:\/\/hostnetart.com.br\/baixada\/wp-json\/wp\/v2\/tags?post=16803"}],"curies":[{"name":"wp","href":"https:\/\/api.w.org\/{rel}","templated":true}]}}