{"id":16797,"date":"2025-10-07T13:31:45","date_gmt":"2025-10-07T16:31:45","guid":{"rendered":"https:\/\/hostnetart.com.br\/baixada\/contraf-cut-cobra-esclarecimentos-do-banco-do-brasil-sobre-mudancas-que-afetam-o-funcionalismo\/"},"modified":"2025-10-07T13:31:45","modified_gmt":"2025-10-07T16:31:45","slug":"contraf-cut-cobra-esclarecimentos-do-banco-do-brasil-sobre-mudancas-que-afetam-o-funcionalismo","status":"publish","type":"post","link":"https:\/\/hostnetart.com.br\/baixada\/contraf-cut-cobra-esclarecimentos-do-banco-do-brasil-sobre-mudancas-que-afetam-o-funcionalismo\/","title":{"rendered":"Contraf-CUT cobra esclarecimentos do Banco do Brasil sobre mudan\u00e7as que afetam o funcionalismo"},"content":{"rendered":"<p>Na \u00faltima sexta-feira (3), o movimento sindical tomou conhecimento de mudan\u00e7as anunciadas pelo Banco do Brasil que atingem funcion\u00e1rios e funcion\u00e1rias que ocupam as fun\u00e7\u00f5es de assessor I, II e III em unidades estrat\u00e9gicas da institui\u00e7\u00e3o. De acordo com informa\u00e7\u00f5es preliminares, essas altera\u00e7\u00f5es n\u00e3o envolvem trabalhadores de outras \u00e1reas.<\/p>\n<p>A Comiss\u00e3o de Empresa dos Funcion\u00e1rios do Banco do Brasil (CEBB) j\u00e1 enviou um of\u00edcio \u00e0 dire\u00e7\u00e3o do banco para obter mais informa\u00e7\u00f5es e compreender o alcance e os impactos da medida. Uma reuni\u00e3o entre a CEBB e a dire\u00e7\u00e3o do BB est\u00e1 agendada para a pr\u00f3xima segunda-feira (6), \u00e0s 17h, quando o banco dever\u00e1 detalhar o an\u00fancio feito hoje aos trabalhadores e trabalhadoras diretamente afetados.<\/p>\n<p>A coordenadora da CEBB, Fernanda Lopes, destacou a forma como o processo ocorreu. \u201cO movimento sindical ficou sabendo hoje pela manh\u00e3 das mudan\u00e7as que afetar\u00e3o o funcionalismo do Banco do Brasil. \u00c9 importante deixar claro que: o movimento sindical s\u00f3 tomou conhecimento agora; n\u00e3o houve nenhuma comunica\u00e7\u00e3o pr\u00e9via; e muito menos houve concord\u00e2ncia da nossa parte. Estamos em contato com a dire\u00e7\u00e3o do BB para entender os impactos dessas medidas e defender os direitos dos trabalhadores e trabalhadoras.\u201d<\/p>\n<p><strong>Fonte: Contraf-CUT<\/strong><\/p>\n","protected":false},"excerpt":{"rendered":"<p>Na \u00faltima sexta-feira (3), o movimento sindical tomou conhecimento de mudan\u00e7as anunciadas pelo Banco do Brasil que atingem funcion\u00e1rios e funcion\u00e1rias que ocupam as fun\u00e7\u00f5es de assessor I, II e III em unidades estrat\u00e9gicas da institui\u00e7\u00e3o. De acordo com informa\u00e7\u00f5es preliminares, essas altera\u00e7\u00f5es n\u00e3o envolvem trabalhadores de outras \u00e1reas. A Comiss\u00e3o de Empresa dos Funcion\u00e1rios [&hellip;]<\/p>\n","protected":false},"author":2,"featured_media":16796,"comment_status":"","ping_status":"","sticky":false,"template":"","format":"standard","meta":{"footnotes":""},"categories":[3],"tags":[],"class_list":["post-16797","post","type-post","status-publish","format-standard","has-post-thumbnail","hentry","category-noticias"],"_links":{"self":[{"href":"https:\/\/hostnetart.com.br\/baixada\/wp-json\/wp\/v2\/posts\/16797","targetHints":{"allow":["GET"]}}],"collection":[{"href":"https:\/\/hostnetart.com.br\/baixada\/wp-json\/wp\/v2\/posts"}],"about":[{"href":"https:\/\/hostnetart.com.br\/baixada\/wp-json\/wp\/v2\/types\/post"}],"author":[{"embeddable":true,"href":"https:\/\/hostnetart.com.br\/baixada\/wp-json\/wp\/v2\/users\/2"}],"replies":[{"embeddable":true,"href":"https:\/\/hostnetart.com.br\/baixada\/wp-json\/wp\/v2\/comments?post=16797"}],"version-history":[{"count":0,"href":"https:\/\/hostnetart.com.br\/baixada\/wp-json\/wp\/v2\/posts\/16797\/revisions"}],"wp:featuredmedia":[{"embeddable":true,"href":"https:\/\/hostnetart.com.br\/baixada\/wp-json\/wp\/v2\/media\/16796"}],"wp:attachment":[{"href":"https:\/\/hostnetart.com.br\/baixada\/wp-json\/wp\/v2\/media?parent=16797"}],"wp:term":[{"taxonomy":"category","embeddable":true,"href":"https:\/\/hostnetart.com.br\/baixada\/wp-json\/wp\/v2\/categories?post=16797"},{"taxonomy":"post_tag","embeddable":true,"href":"https:\/\/hostnetart.com.br\/baixada\/wp-json\/wp\/v2\/tags?post=16797"}],"curies":[{"name":"wp","href":"https:\/\/api.w.org\/{rel}","templated":true}]}}