{"id":16795,"date":"2025-10-07T13:28:20","date_gmt":"2025-10-07T16:28:20","guid":{"rendered":"https:\/\/hostnetart.com.br\/baixada\/coe-itau-conquista-proposta-com-pagamento-para-bancarios-impactados-por-demissao-em-massa\/"},"modified":"2025-10-07T13:28:20","modified_gmt":"2025-10-07T16:28:20","slug":"coe-itau-conquista-proposta-com-pagamento-para-bancarios-impactados-por-demissao-em-massa","status":"publish","type":"post","link":"https:\/\/hostnetart.com.br\/baixada\/coe-itau-conquista-proposta-com-pagamento-para-bancarios-impactados-por-demissao-em-massa\/","title":{"rendered":"COE Ita\u00fa conquista proposta com pagamento para banc\u00e1rios impactados por demiss\u00e3o em massa"},"content":{"rendered":"<p>Em media\u00e7\u00e3o com o Ita\u00fa no Tribunal Regional do Trabalho da 2\u00aa Regi\u00e3o (TRT-2), realizada na tarde desta segunda-feira (6), a Comiss\u00e3o de Organiza\u00e7\u00e3o dos Empregados (COE) do Ita\u00fa conquistou uma proposta de acordo que prev\u00ea pagamento para os banc\u00e1rios impactados pela demiss\u00e3o em massa promovida pelo banco em 8 de setembro, que atingiu mais de mil trabalhadores em regime de home office ou h\u00edbrido. A proposta ser\u00e1 avaliada em assembleia na quinta-feira (9).<\/p>\n<p>A mobiliza\u00e7\u00e3o dos trabalhadores garantiu conquistas importantes: pagamento de at\u00e9 10 sal\u00e1rios adicionais, valor fixo de R$ 9 mil, 13\u00aa cesta-alimenta\u00e7\u00e3o e manuten\u00e7\u00e3o da taxa diferenciada de financiamento imobili\u00e1rio (veja detalhes abaixo).<\/p>\n<p>O Ita\u00fa tamb\u00e9m se comprometeu a n\u00e3o encerrar o modelo de teletrabalho no banco.<\/p>\n<p>Desde a demiss\u00e3o em massa, o movimento sindical denunciou que os trabalhadores n\u00e3o tinham conhecimento do monitoramento e de seus crit\u00e9rios; n\u00e3o receberam feedback pr\u00e9vio; as especificidades de cada \u00e1rea n\u00e3o foram consideradas; banc\u00e1rios promovidos e premiados foram demitidos; n\u00e3o houve comunica\u00e7\u00e3o pr\u00e9via ao Sindicato, em desrespeito ao processo negocial; e os demitidos foram expostos de forma vexat\u00f3ria.<\/p>\n<p>Para buscar uma solu\u00e7\u00e3o negocial e garantir resposta efetiva \u00e0s demiss\u00f5es, a COE Ita\u00fa atuou em v\u00e1rias frentes: reuni\u00f5es diretas com o banco, intermedia\u00e7\u00e3o da Fenaban (federa\u00e7\u00e3o dos bancos) e, diante da resist\u00eancia do Ita\u00fa, recorreu ao TRT solicitando media\u00e7\u00e3o, com audi\u00eancias realizadas nos dias 1, 3 e 6 de outubro.<\/p>\n<p>\u201cAp\u00f3s um m\u00eas desde a demiss\u00e3o em massa promovida pelo Ita\u00fa, conquistamos uma proposta que avaliamos como positiva para os banc\u00e1rios demitidos, que ser\u00e1 avaliada em assembleia. Ainda assim, reafirmamos nossa indigna\u00e7\u00e3o e rep\u00fadio em rela\u00e7\u00e3o \u00e0 demiss\u00e3o em massa e \u00e0 forma como foi conduzida pelo Ita\u00fa. Refor\u00e7amos tamb\u00e9m que a mobiliza\u00e7\u00e3o em torno do futuro do home office, da privacidade e da transpar\u00eancia nas ferramentas de monitoramento seguir\u00e1 at\u00e9 que os banc\u00e1rios, n\u00e3o s\u00f3 do Ita\u00fa, tenham seus direitos assegurados\u201d, afirmou Neiva Ribeiro, presidenta do Sindicato dos Banc\u00e1rios de S\u00e3o Paulo e uma das coordenadoras do Comando Nacional dos Banc\u00e1rios.<\/p>\n<p>\u201cPara a gente, a proposta que sai daqui \u00e9 muito importante. O banco errou e estamos aqui para atender esses trabalhadores, principalmente quem tinha estabilidade. O Ita\u00fa vai voltar atr\u00e1s no caso de gestantes e, no caso dos adoecidos, o banco se comprometeu a analisar individualmente. Sa\u00edmos daqui vitoriosos. Quer\u00edamos, sim, a reintegra\u00e7\u00e3o. N\u00e3o conseguimos, mas, na medida do poss\u00edvel, os trabalhadores ter\u00e3o o reconhecimento de tudo o que aconteceu\u201d, acrescentou a diretora executiva do Sindicato e coordenadora da COE Ita\u00fa, Valeska Pincovai.<\/p>\n<h2><strong>Confira a proposta<\/strong><\/h2>\n<p><strong>Para banc\u00e1rios com at\u00e9 23 meses de banco:<\/strong><\/p>\n<ul>\n<li>Piso de 4 sal\u00e1rios;<\/li>\n<li>Valor fixo de R$ 9 mil;<\/li>\n<li>13\u00aa cesta-alimenta\u00e7\u00e3o.<\/li>\n<\/ul>\n<p><strong>Para banc\u00e1rios com 24 meses ou mais de banco:<\/strong><\/p>\n<ul>\n<li>Piso de 6 sal\u00e1rios;<\/li>\n<li>\u00bd sal\u00e1rio por ano trabalhado (teto de 10 sal\u00e1rios);<\/li>\n<li>Valor fixo de R$ 9 mil;<\/li>\n<li>13\u00aa cesta-alimenta\u00e7\u00e3o.<\/li>\n<\/ul>\n<p><em>Em ambos os grupos: banc\u00e1rios com financiamento imobili\u00e1rio junto ao Ita\u00fa ter\u00e3o mantidas as condi\u00e7\u00f5es diferenciadas.<\/em><\/p>\n<p>Condi\u00e7\u00f5es: a proposta precisa ser aprovada em assembleia. A ades\u00e3o \u00e9 individual, com assist\u00eancia do sindicato, e implica quita\u00e7\u00e3o total do contrato de trabalho. O prazo para ades\u00e3o \u00e9 de at\u00e9 6 meses.<\/p>\n<h2><strong>Assembleia<\/strong><\/h2>\n<p>Os banc\u00e1rios impactados pela demiss\u00e3o em massa v\u00e3o deliberar sobre a proposta em assembleia h\u00edbrida no dia 9 de outubro (quinta-feira), com vota\u00e7\u00e3o entre 16h e 21h no link assembleia.spbancarios.com.br. O endere\u00e7o estar\u00e1 ativo apenas durante o per\u00edodo da vota\u00e7\u00e3o e reunir\u00e1 todas as informa\u00e7\u00f5es necess\u00e1rias para a delibera\u00e7\u00e3o.<\/p>\n<p>A partir das 16h, ser\u00e1 realizada reuni\u00e3o presencial no Audit\u00f3rio Azul da sede do Sindicato (Rua S\u00e3o Bento, 413, Centro), para esclarecimento de d\u00favidas e garantia do direito de voz dos trabalhadores.<\/p>\n<p><em>Fonte: Contraf-CUT e com informa\u00e7\u00f5es do SP Banc\u00e1rios<\/em><\/p>\n<p>\u00a0<\/p>\n","protected":false},"excerpt":{"rendered":"<p>Em media\u00e7\u00e3o com o Ita\u00fa no Tribunal Regional do Trabalho da 2\u00aa Regi\u00e3o (TRT-2), realizada na tarde desta segunda-feira (6), a Comiss\u00e3o de Organiza\u00e7\u00e3o dos Empregados (COE) do Ita\u00fa conquistou uma proposta de acordo que prev\u00ea pagamento para os banc\u00e1rios impactados pela demiss\u00e3o em massa promovida pelo banco em 8 de setembro, que atingiu mais [&hellip;]<\/p>\n","protected":false},"author":2,"featured_media":16794,"comment_status":"","ping_status":"","sticky":false,"template":"","format":"standard","meta":{"footnotes":""},"categories":[3],"tags":[],"class_list":["post-16795","post","type-post","status-publish","format-standard","has-post-thumbnail","hentry","category-noticias"],"_links":{"self":[{"href":"https:\/\/hostnetart.com.br\/baixada\/wp-json\/wp\/v2\/posts\/16795","targetHints":{"allow":["GET"]}}],"collection":[{"href":"https:\/\/hostnetart.com.br\/baixada\/wp-json\/wp\/v2\/posts"}],"about":[{"href":"https:\/\/hostnetart.com.br\/baixada\/wp-json\/wp\/v2\/types\/post"}],"author":[{"embeddable":true,"href":"https:\/\/hostnetart.com.br\/baixada\/wp-json\/wp\/v2\/users\/2"}],"replies":[{"embeddable":true,"href":"https:\/\/hostnetart.com.br\/baixada\/wp-json\/wp\/v2\/comments?post=16795"}],"version-history":[{"count":0,"href":"https:\/\/hostnetart.com.br\/baixada\/wp-json\/wp\/v2\/posts\/16795\/revisions"}],"wp:featuredmedia":[{"embeddable":true,"href":"https:\/\/hostnetart.com.br\/baixada\/wp-json\/wp\/v2\/media\/16794"}],"wp:attachment":[{"href":"https:\/\/hostnetart.com.br\/baixada\/wp-json\/wp\/v2\/media?parent=16795"}],"wp:term":[{"taxonomy":"category","embeddable":true,"href":"https:\/\/hostnetart.com.br\/baixada\/wp-json\/wp\/v2\/categories?post=16795"},{"taxonomy":"post_tag","embeddable":true,"href":"https:\/\/hostnetart.com.br\/baixada\/wp-json\/wp\/v2\/tags?post=16795"}],"curies":[{"name":"wp","href":"https:\/\/api.w.org\/{rel}","templated":true}]}}