{"id":16791,"date":"2025-10-02T20:04:20","date_gmt":"2025-10-02T23:04:20","guid":{"rendered":"https:\/\/hostnetart.com.br\/baixada\/conferencia-nacional-de-mulheres-aprova-diretrizes-com-forte-presenca-dos-bancarios\/"},"modified":"2025-10-02T20:04:20","modified_gmt":"2025-10-02T23:04:20","slug":"conferencia-nacional-de-mulheres-aprova-diretrizes-com-forte-presenca-dos-bancarios","status":"publish","type":"post","link":"https:\/\/hostnetart.com.br\/baixada\/conferencia-nacional-de-mulheres-aprova-diretrizes-com-forte-presenca-dos-bancarios\/","title":{"rendered":"Confer\u00eancia Nacional de Mulheres aprova diretrizes com forte presen\u00e7a dos banc\u00e1rios"},"content":{"rendered":"<p>Durante tr\u00eas dias intensos de debates, a 5\u00aa Confer\u00eancia Nacional de Pol\u00edticas para as Mulheres aprovou nesta quarta-feira (1\u00ba) um conjunto de propostas de pol\u00edticas p\u00fablicas voltadas \u00e0 promo\u00e7\u00e3o da igualdade de g\u00eanero, aos direitos das mulheres e ao enfrentamento das m\u00faltiplas formas de opress\u00e3o.<\/p>\n<p class=\" \">Renata Soeiro, Coordenadora do Sindicato dos Banc\u00e1rios da Baixada Fluminense, participou e representou a entidade na confer\u00eancia.<\/p>\n<p class=\" \"><img fetchpriority=\"high\" decoding=\"async\" class=\" size-full wp-image-16790\" src=\"https:\/\/hostnetart.com.br\/baixada\/wp-content\/uploads\/2025\/10\/c95a436547e1a29c3fd6ce45a61337c7_L.jpg\" alt=\"Sindicato presente na 5\u00aa Confer\u00eancia Nacional de Pol\u00edticas para as Mulheres\" width=\"600\" height=\"450\" \/><\/p>\n<p class=\" \">Fernanda Lopes, secret\u00e1ria da Mulher da Contraf-CUT, destacou a mobiliza\u00e7\u00e3o do setor banc\u00e1rio no processo de constru\u00e7\u00e3o dessas propostas. \u201cTivemos 20 confer\u00eancias livres de banc\u00e1rias, com grande representa\u00e7\u00e3o do nosso ramo, participando ativamente dessa constru\u00e7\u00e3o t\u00e3o importante para o pa\u00eds.\u201d<\/p>\n<p>Al\u00e9m das discuss\u00f5es nas mesas tem\u00e1ticas, o evento tamb\u00e9m incluiu uma caminhada das mulheres em Bras\u00edlia, refor\u00e7ando a visibilidade das pautas femininas no espa\u00e7o p\u00fablico. Outro momento importante foi a audi\u00eancia para ratifica\u00e7\u00e3o da Conven\u00e7\u00e3o 190 da Organiza\u00e7\u00e3o Internacional do Trabalho (OIT), que trata dos direitos das mulheres e do combate \u00e0 viol\u00eancia e ao ass\u00e9dio no mundo do trabalho.<\/p>\n<h2><strong>Propostas aprovadas e destaque para a\u00e7\u00e3o institucional<\/strong><\/h2>\n<p>Na plen\u00e1ria final, o relat\u00f3rio com as propostas foi aprovado em consenso, com 98% de votos favor\u00e1veis. As sugest\u00f5es est\u00e3o divididas em 15 eixos tem\u00e1ticos que ir\u00e3o compor as diretrizes do novo Plano Nacional de Pol\u00edticas para as Mulheres.<\/p>\n<p><strong>Dentre as propostas aprovadas est\u00e3o<\/strong>:<\/p>\n<ul>\n<li>promo\u00e7\u00e3o da igualdade de g\u00eanero e incentivo \u00e0 igualdade salarial;<\/li>\n<li>redu\u00e7\u00e3o da jornada de trabalho \/ fim da escala 6&#215;1;<\/li>\n<li>fortalecimento de mecanismos de prote\u00e7\u00e3o contra viol\u00eancia pol\u00edtica e dom\u00e9stica;<\/li>\n<li>amplia\u00e7\u00e3o de medidas de cuidado, participa\u00e7\u00e3o social e garantia de direitos em toda diversidade de mulheres.<\/li>\n<\/ul>\n<p>A ministra das Mulheres, M\u00e1rcia Lopes, participou da confer\u00eancia e refor\u00e7ou que a constru\u00e7\u00e3o desses instrumentos n\u00e3o termina com a confer\u00eancia. \u201cA luta n\u00e3o acaba nunca! Precisamos construir \u2026 um mundo onde as mulheres se sintam livres e em que n\u00e3o haja nenhum tipo de viol\u00eancia contra elas.\u201d<\/p>\n<h2><strong>DataMulheres\u00a0<\/strong><\/h2>\n<p>O Minist\u00e9rio das Mulheres criou, nessa quarta-feira (1\u00b0), a plataforma DataMulheres, ferramenta digital de informa\u00e7\u00f5es sobre a realidade socioecon\u00f4mica das mulheres brasileiras, desenvolvida pelo Observat\u00f3rio Brasil da Igualdade de G\u00eanero, em parceria com a Dataprev, empresa de tecnologia vinculada ao Minist\u00e9rio da Gest\u00e3o e da Inova\u00e7\u00e3o em Servi\u00e7os.<\/p>\n<p>A iniciativa servir\u00e1 para nortear os trabalhos de gestoras e gestores p\u00fablicos dos tr\u00eas n\u00edveis federativos (federal, estadual e municipal), pesquisadores, observat\u00f3rios, centros de estudos e institui\u00e7\u00f5es acad\u00eamicas que produzem an\u00e1lises sobre as desigualdades de g\u00eanero, al\u00e9m de secretarias e organismos de pol\u00edticas para as mulheres.<\/p>\n<p>O DataMulheres integra dados dos Minist\u00e9rios da Justi\u00e7a e Seguran\u00e7a P\u00fablica, do Trabalho e Emprego, do Minist\u00e9rio da Sa\u00fade, do Instituto Brasileiro de Geografia e Estat\u00edstica (IBGE), al\u00e9m do Tribunal Superior Eleitoral (TSE).<\/p>\n<h2><strong>Fortalecimento da gest\u00e3o p\u00fablica<\/strong><\/h2>\n<p>A ministra tamb\u00e9m assinou ontem, \u00faltimo dia do encontro, o edital p\u00fablico que prev\u00ea o repasse de R$ 10 milh\u00f5es para doa\u00e7\u00e3o de ve\u00edculos, com o objetivo de fortalecer a atua\u00e7\u00e3o de secretarias e organismos municipais de pol\u00edticas para as mulheres em todo o pa\u00eds.<\/p>\n<p>Pelo edital, ser\u00e3o contempladas as cidades com at\u00e9 100 mil habitantes que t\u00eam secretarias ou organismos de pol\u00edticas para as mulheres, com conselhos de direitos femininos. Esses \u00f3rg\u00e3os de participa\u00e7\u00e3o e controle social, com representa\u00e7\u00e3o do poder p\u00fablico e da sociedade civil, atuam na formula\u00e7\u00e3o, fiscaliza\u00e7\u00e3o e proposi\u00e7\u00e3o de pol\u00edticas p\u00fablicas. &#8220;Tenho dito: n\u00e3o \u00e9 Bras\u00edlia, n\u00e3o \u00e9 o governo federal que ir\u00e1 romper, que vai construir tudo aquilo de que a gente precisa em rela\u00e7\u00e3o \u00e0s pol\u00edticas para as mulheres\u201d, afirmou M\u00e1rcia.<\/p>\n<h2><strong>Cartilhas<\/strong><\/h2>\n<p>A ministra tamb\u00e9m lan\u00e7ou duas cartilhas, em parceria com a Associa\u00e7\u00e3o Nacional de Travestis e Transexuais, da ONU Mulheres e da ONU Direitos Humanos.<\/p>\n<p>O guia \u201cTodas as Mulheres: Dignidade, Cidadania e Direitos Humanos para Travestis e Mulheres Trans\u201d apresenta os fundamentos legais da proibi\u00e7\u00e3o de discrimina\u00e7\u00e3o contra travestis e mulheres trans, os par\u00e2metros de direitos humanos para proteg\u00ea-las dessa discrimina\u00e7\u00e3o e destaca as principais conquistas recentes e recomenda\u00e7\u00f5es de mecanismos internacionais de direitos humanos aplic\u00e1veis ao Brasil.<\/p>\n<p>&#8220;\u00c9 urgente assegurar participa\u00e7\u00e3o pol\u00edtica, reconhecimento social e acesso \u00e0s pol\u00edticas p\u00fablicas de forma equitativa. Em cen\u00e1rio marcado pela exclus\u00e3o e pela viol\u00eancia, valorizar sua presen\u00e7a, ouvir suas vozes e garantir seus direitos s\u00e3o passos fundamentais para uma sociedade mais justa, diversa e verdadeiramente democr\u00e1tica&#8221;, diz a publica\u00e7\u00e3o.<\/p>\n<p>A pouco mais de um m\u00eas da realiza\u00e7\u00e3o da COP30 [a Confer\u00eancia das Na\u00e7\u00f5es Unidas sobre as Mudan\u00e7as Clim\u00e1ticas de 2025] em Bel\u00e9m, a ministra lan\u00e7ou tamb\u00e9m a cartilha \u201cMulheres nas A\u00e7\u00f5es Clim\u00e1ticas: participa\u00e7\u00e3o pol\u00edtica na constru\u00e7\u00e3o de um futuro digno e justo\u201d, com informa\u00e7\u00f5es sobre os impactos das mudan\u00e7as clim\u00e1ticas para as mulheres.<\/p>\n<p>O texto inicial do guia mostra quem, de fato, tem papel central na constru\u00e7\u00e3o de solu\u00e7\u00f5es para enfrentar a crise clim\u00e1tica. &#8220;Mulheres e meninas est\u00e3o perseverando na coes\u00e3o social, sustentando o tecido da resili\u00eancia comunit\u00e1ria e levando o pensamento socioecon\u00f4mico a novo paradigma de sustentabilidade. Seja na agricultura familiar e agroecologia, na gest\u00e3o comunit\u00e1ria da \u00e1gua, na preven\u00e7\u00e3o e gest\u00e3o de riscos e desastres ou na defesa de territ\u00f3rios e da biodiversidade, eles s\u00e3o protagonistas da mitiga\u00e7\u00e3o, da adapta\u00e7\u00e3o e da preserva\u00e7\u00e3o da base da vida&#8221;, destaca o documento.<\/p>\n<p>M\u00e1rcia Lopes assinou a portaria do Programa de Fortalecimento da Gest\u00e3o de Pol\u00edticas para as Mulheres e tr\u00eas Acordos de Coopera\u00e7\u00e3o T\u00e9cnica (ACTs): com os Correios, para a realiza\u00e7\u00e3o de a\u00e7\u00f5es de enfrentamento \u00e0 viol\u00eancia contra as mulheres e divulga\u00e7\u00e3o do Ligue 180; com o Minist\u00e9rio do Trabalho e Emprego (MTE), para promo\u00e7\u00e3o de a\u00e7\u00f5es de apoio \u00e0 qualifica\u00e7\u00e3o profissional de mulheres v\u00edtimas de viol\u00eancia; e com o Minist\u00e9rio da Justi\u00e7a e Seguran\u00e7a P\u00fablica (MJSP), o Conselho Nacional do Minist\u00e9rio P\u00fablico (CNMP), a Procuradoria-Geral do Estado (PGE), o Conselho Nacional de Justi\u00e7a (CNJ) e a Defensoria P\u00fablica da Uni\u00e3o (DPU), na agenda de enfrentamento \u00e0 viol\u00eancia pol\u00edtica contra as mulheres.<\/p>\n<h2><strong>Import\u00e2ncia para o movimento sindical e setor banc\u00e1rio<\/strong><\/h2>\n<p>A trajet\u00f3ria das \u201cconfer\u00eancias livres\u201d \u00e9 uma estrat\u00e9gia de base para garantir que as mulheres do setor banc\u00e1rio tenham voz e representatividade no processo nacional de constru\u00e7\u00e3o de pol\u00edticas p\u00fablicas para elas. A secret\u00e1ria Fernanda Lopes ressalta que esse protagonismo fortalece a atua\u00e7\u00e3o das banc\u00e1rias nos espa\u00e7os de decis\u00e3o \u2014 e que a ratifica\u00e7\u00e3o da Conven\u00e7\u00e3o 190 \u00e9 justamente uma conquista simb\u00f3lica e pol\u00edtica para legitimar esses direitos internacionalmente.<\/p>\n<p><strong>Fonte: Contraf-CUT<\/strong><\/p>\n","protected":false},"excerpt":{"rendered":"<p>Durante tr\u00eas dias intensos de debates, a 5\u00aa Confer\u00eancia Nacional de Pol\u00edticas para as Mulheres aprovou nesta quarta-feira (1\u00ba) um conjunto de propostas de pol\u00edticas p\u00fablicas voltadas \u00e0 promo\u00e7\u00e3o da igualdade de g\u00eanero, aos direitos das mulheres e ao enfrentamento das m\u00faltiplas formas de opress\u00e3o. Renata Soeiro, Coordenadora do Sindicato dos Banc\u00e1rios da Baixada Fluminense, [&hellip;]<\/p>\n","protected":false},"author":2,"featured_media":16789,"comment_status":"","ping_status":"","sticky":false,"template":"","format":"standard","meta":{"footnotes":""},"categories":[3],"tags":[],"class_list":["post-16791","post","type-post","status-publish","format-standard","has-post-thumbnail","hentry","category-noticias"],"_links":{"self":[{"href":"https:\/\/hostnetart.com.br\/baixada\/wp-json\/wp\/v2\/posts\/16791","targetHints":{"allow":["GET"]}}],"collection":[{"href":"https:\/\/hostnetart.com.br\/baixada\/wp-json\/wp\/v2\/posts"}],"about":[{"href":"https:\/\/hostnetart.com.br\/baixada\/wp-json\/wp\/v2\/types\/post"}],"author":[{"embeddable":true,"href":"https:\/\/hostnetart.com.br\/baixada\/wp-json\/wp\/v2\/users\/2"}],"replies":[{"embeddable":true,"href":"https:\/\/hostnetart.com.br\/baixada\/wp-json\/wp\/v2\/comments?post=16791"}],"version-history":[{"count":0,"href":"https:\/\/hostnetart.com.br\/baixada\/wp-json\/wp\/v2\/posts\/16791\/revisions"}],"wp:featuredmedia":[{"embeddable":true,"href":"https:\/\/hostnetart.com.br\/baixada\/wp-json\/wp\/v2\/media\/16789"}],"wp:attachment":[{"href":"https:\/\/hostnetart.com.br\/baixada\/wp-json\/wp\/v2\/media?parent=16791"}],"wp:term":[{"taxonomy":"category","embeddable":true,"href":"https:\/\/hostnetart.com.br\/baixada\/wp-json\/wp\/v2\/categories?post=16791"},{"taxonomy":"post_tag","embeddable":true,"href":"https:\/\/hostnetart.com.br\/baixada\/wp-json\/wp\/v2\/tags?post=16791"}],"curies":[{"name":"wp","href":"https:\/\/api.w.org\/{rel}","templated":true}]}}