{"id":16788,"date":"2025-10-02T17:11:01","date_gmt":"2025-10-02T20:11:01","guid":{"rendered":"https:\/\/hostnetart.com.br\/baixada\/pressao-popular-garante-aprovacao-de-isencao-do-ir-para-ate-r-5-mil-e-taxacao-dos-mais-ricos\/"},"modified":"2025-10-02T17:11:01","modified_gmt":"2025-10-02T20:11:01","slug":"pressao-popular-garante-aprovacao-de-isencao-do-ir-para-ate-r-5-mil-e-taxacao-dos-mais-ricos","status":"publish","type":"post","link":"https:\/\/hostnetart.com.br\/baixada\/pressao-popular-garante-aprovacao-de-isencao-do-ir-para-ate-r-5-mil-e-taxacao-dos-mais-ricos\/","title":{"rendered":"Press\u00e3o popular garante aprova\u00e7\u00e3o de isen\u00e7\u00e3o do IR para at\u00e9 R$ 5 mil e taxa\u00e7\u00e3o dos mais ricos"},"content":{"rendered":"<p>A mobiliza\u00e7\u00e3o popular nas ruas e nas redes sociais foi decisiva para que a C\u00e2mara dos Deputados aprovasse, nesta quarta-feira (1\u00ba), o texto-base do Projeto de Lei (PL) 1.087\/2025, que amplia a faixa de isen\u00e7\u00e3o do Imposto de Renda (IR) e cria a taxa\u00e7\u00e3o sobre grandes rendas. A proposta foi aprovada por 493 votos favor\u00e1veis e nenhum contr\u00e1rio e ainda precisa passar pelo Senado antes da san\u00e7\u00e3o do presidente Luiz In\u00e1cio Lula da Silva.<\/p>\n<p>Com a medida, ficam isentas do IR pessoas f\u00edsicas com renda mensal de at\u00e9 R$ 5 mil. J\u00e1 quem ganha entre R$ 5.000,01 e R$ 7.350,00 ter\u00e1 desconto de at\u00e9 R$ 978,62, reduzindo o valor do imposto devido. Atualmente, a isen\u00e7\u00e3o vale apenas para sal\u00e1rios de at\u00e9 R$ 3.036. Segundo o governo, a mudan\u00e7a beneficiar\u00e1 mais de 26,6 milh\u00f5es de contribuintes a partir de 2026.<\/p>\n<p>O presidente Lula comemorou a aprova\u00e7\u00e3o em suas redes sociais, classificando a conquista como \u201cum passo hist\u00f3rico na constru\u00e7\u00e3o de um Brasil mais justo\u201d.<\/p>\n<p>\u201cUma vit\u00f3ria em favor da justi\u00e7a tribut\u00e1ria e do combate \u00e0 desigualdade no Brasil, em benef\u00edcio de 15 milh\u00f5es de trabalhadoras e trabalhadores brasileiros\u201d, escreveu.<\/p>\n<h2><strong>Taxa\u00e7\u00e3o dos mais ricos para compensar isen\u00e7\u00e3o<\/strong><\/h2>\n<p>Para viabilizar a medida, estimada em R$ 25,8 bilh\u00f5es de impacto nos cofres p\u00fablicos, o projeto prev\u00ea a tributa\u00e7\u00e3o de pessoas com rendimentos anuais acima de R$ 600 mil, com al\u00edquotas progressivas de at\u00e9 10%. A taxa m\u00e1xima incidir\u00e1 sobre quem recebe mais de R$ 1,2 milh\u00e3o por ano e n\u00e3o ser\u00e1 aplicada para quem j\u00e1 paga a al\u00edquota m\u00e1xima do IR de 27,5%.<\/p>\n<p>De acordo com o Minist\u00e9rio da Fazenda, a medida alcan\u00e7ar\u00e1 cerca de 140 mil pessoas \u2014 apenas 0,13% dos contribuintes \u2014 que hoje pagam, em m\u00e9dia, 2,54% de IR. O relator da proposta, deputado Arthur Lira (PP-AL), afirmou que a taxa\u00e7\u00e3o gerar\u00e1 uma sobra de R$ 12,7 bilh\u00f5es at\u00e9 2027, destinada a compensar a redu\u00e7\u00e3o da al\u00edquota da Contribui\u00e7\u00e3o sobre Bens e Servi\u00e7os (CBS), criada pela Reforma Tribut\u00e1ria.<\/p>\n<p>\u201cEsse projeto vai atender diretamente a 15,5 milh\u00f5es de pessoas no pa\u00eds. Estamos discutindo uma ren\u00fancia de receita de R$ 25,4 bilh\u00f5es no primeiro ano, o que equivale a 10% do valor total do IR pago por todos os brasileiros\u201d, explicou Lira.<\/p>\n<h2><strong>Atualiza\u00e7\u00e3o da tabela do IR<\/strong><\/h2>\n<p>A vota\u00e7\u00e3o tamb\u00e9m foi marcada por embates pol\u00edticos em torno da pol\u00edtica de corre\u00e7\u00e3o da tabela do IR. Ap\u00f3s intensas negocia\u00e7\u00f5es, foi inclu\u00eddo no texto o artigo 6\u00ba, que obriga o Executivo a enviar ao Congresso, em at\u00e9 um ano, um projeto de lei definindo uma pol\u00edtica nacional de atualiza\u00e7\u00e3o dos valores do IR da pessoa f\u00edsica.<\/p>\n<p>\u201cCom a aprova\u00e7\u00e3o, o governo cumpre uma promessa de campanha de Lula em 2022 e d\u00e1 um passo importante no sentido de promover justi\u00e7a tribut\u00e1ria, garantindo al\u00edvio fiscal para milh\u00f5es de trabalhadores e ajustando a contribui\u00e7\u00e3o dos super-ricos\u201d, lembrou o secret\u00e1rio de Rela\u00e7\u00f5es do Trabalho e respons\u00e1vel da Contraf-CUT pelo acompanhamento da tramita\u00e7\u00e3o das pautas de interesse da classe trabalhadora no Congresso Nacional, Jeferson Meira, o Jef\u00e3o.<\/p>\n<p><em>Fonte: Contraf-CUT<\/em><\/p>\n","protected":false},"excerpt":{"rendered":"<p>A mobiliza\u00e7\u00e3o popular nas ruas e nas redes sociais foi decisiva para que a C\u00e2mara dos Deputados aprovasse, nesta quarta-feira (1\u00ba), o texto-base do Projeto de Lei (PL) 1.087\/2025, que amplia a faixa de isen\u00e7\u00e3o do Imposto de Renda (IR) e cria a taxa\u00e7\u00e3o sobre grandes rendas. A proposta foi aprovada por 493 votos favor\u00e1veis [&hellip;]<\/p>\n","protected":false},"author":2,"featured_media":16787,"comment_status":"","ping_status":"","sticky":false,"template":"","format":"standard","meta":{"footnotes":""},"categories":[3],"tags":[],"class_list":["post-16788","post","type-post","status-publish","format-standard","has-post-thumbnail","hentry","category-noticias"],"_links":{"self":[{"href":"https:\/\/hostnetart.com.br\/baixada\/wp-json\/wp\/v2\/posts\/16788","targetHints":{"allow":["GET"]}}],"collection":[{"href":"https:\/\/hostnetart.com.br\/baixada\/wp-json\/wp\/v2\/posts"}],"about":[{"href":"https:\/\/hostnetart.com.br\/baixada\/wp-json\/wp\/v2\/types\/post"}],"author":[{"embeddable":true,"href":"https:\/\/hostnetart.com.br\/baixada\/wp-json\/wp\/v2\/users\/2"}],"replies":[{"embeddable":true,"href":"https:\/\/hostnetart.com.br\/baixada\/wp-json\/wp\/v2\/comments?post=16788"}],"version-history":[{"count":0,"href":"https:\/\/hostnetart.com.br\/baixada\/wp-json\/wp\/v2\/posts\/16788\/revisions"}],"wp:featuredmedia":[{"embeddable":true,"href":"https:\/\/hostnetart.com.br\/baixada\/wp-json\/wp\/v2\/media\/16787"}],"wp:attachment":[{"href":"https:\/\/hostnetart.com.br\/baixada\/wp-json\/wp\/v2\/media?parent=16788"}],"wp:term":[{"taxonomy":"category","embeddable":true,"href":"https:\/\/hostnetart.com.br\/baixada\/wp-json\/wp\/v2\/categories?post=16788"},{"taxonomy":"post_tag","embeddable":true,"href":"https:\/\/hostnetart.com.br\/baixada\/wp-json\/wp\/v2\/tags?post=16788"}],"curies":[{"name":"wp","href":"https:\/\/api.w.org\/{rel}","templated":true}]}}