{"id":16784,"date":"2025-10-02T16:50:09","date_gmt":"2025-10-02T19:50:09","guid":{"rendered":"https:\/\/hostnetart.com.br\/baixada\/plebiscito-popular-2025-e-entregue-ao-presidente-lula-com-apoio-massivo-a-isencao-do-ir-e-ao-fim-da-escala-6x1\/"},"modified":"2025-10-02T16:50:09","modified_gmt":"2025-10-02T19:50:09","slug":"plebiscito-popular-2025-e-entregue-ao-presidente-lula-com-apoio-massivo-a-isencao-do-ir-e-ao-fim-da-escala-6x1","status":"publish","type":"post","link":"https:\/\/hostnetart.com.br\/baixada\/plebiscito-popular-2025-e-entregue-ao-presidente-lula-com-apoio-massivo-a-isencao-do-ir-e-ao-fim-da-escala-6x1\/","title":{"rendered":"Plebiscito Popular 2025 \u00e9 entregue ao presidente Lula com apoio massivo \u00e0 isen\u00e7\u00e3o do IR e ao fim da escala 6&#215;1"},"content":{"rendered":"<p>Em um dia hist\u00f3rico para a luta da classe trabalhadora, lideran\u00e7as sindicais e movimentos sociais estiveram em Bras\u00edlia nesta quarta-feira (1\u00b0) para a entrega do resultado parcial do Plebiscito Popular 2025. A iniciativa consultou a popula\u00e7\u00e3o sobre duas pautas centrais: a isen\u00e7\u00e3o de Imposto de Renda (IR) para quem ganha at\u00e9 R$ 5 mil e o fim da escala 6&#215;1 de trabalho.<\/p>\n<p>O resultado, com 1,5 milh\u00e3o de votos coletados em todo o pa\u00eds, foi entregue ao presidente Lula. Por esmagadora maioria, a popula\u00e7\u00e3o manifestou apoio \u00e0s propostas de justi\u00e7a tribut\u00e1ria e de redu\u00e7\u00e3o da jornada.<\/p>\n<p>Juntamente com a entrega, as lideran\u00e7as se reuniram com Motta para cobrar o avan\u00e7o das pautas no Congresso. Tamb\u00e9m participaram do encontro o deputado federal Lindbergh Farias (PT-RJ) e o presidente do PT, Edinho Silva. Os trabalhadores do setor financeiro foram representados por Juvandia Moreira, presidenta da Contraf-CUT, que destacou a import\u00e2ncia da mobiliza\u00e7\u00e3o popular para barrar retrocessos.<\/p>\n<h2><strong>Vota\u00e7\u00e3o decisiva no Congresso<\/strong><\/h2>\n<p>O ato ocorreu em uma data extremamente importante: nesta quarta (1\u00b0) ser\u00e1 votado o PL 1.087\/2025, projeto do Governo Federal que prop\u00f5e isen\u00e7\u00e3o do IR at\u00e9 R$ 5 mil, com descontos progressivos at\u00e9 R$ 7.350. A proposta tamb\u00e9m prev\u00ea medidas de compensa\u00e7\u00e3o pela arrecada\u00e7\u00e3o, como a taxa\u00e7\u00e3o de grandes fortunas e altas rendas.<\/p>\n<p>Os organizadores do Plebiscito alertam para a tentativa da direita\/oposi\u00e7\u00e3o de aprovar a isen\u00e7\u00e3o sem essa compensa\u00e7\u00e3o, o que comprometeria a justi\u00e7a fiscal defendida pelo projeto.<\/p>\n<p>Desde julho, movimentos sociais v\u00eam dialogando com a popula\u00e7\u00e3o e coletando votos para duas quest\u00f5es centrais:<\/p>\n<ul>\n<li>Voc\u00ea \u00e9 a favor da redu\u00e7\u00e3o da jornada de trabalho sem redu\u00e7\u00e3o salarial e do fim da escala 6&#215;1?<\/li>\n<li>Voc\u00ea \u00e9 a favor de que quem ganhe mais de R$ 50 mil por m\u00eas pague mais imposto de renda para que quem recebe at\u00e9 R$ 5 mil n\u00e3o pague?<\/li>\n<\/ul>\n<p>Segundo c\u00e1lculos do Dieese, cerca de 30% da categoria banc\u00e1ria ser\u00e1 beneficiada com a proposta do governo Lula \u2014 aproximadamente 54,3 mil trabalhadores, a maioria mulheres (54%).<\/p>\n<h2><strong>Quem ganha mais, paga mais<\/strong><\/h2>\n<p>Para cumprir a exig\u00eancia legal de compensa\u00e7\u00e3o fiscal, o projeto inclui uma al\u00edquota progressiva de at\u00e9 10% para rendas anuais acima de R$ 600 mil (R$ 50 mil mensais). Essa tributa\u00e7\u00e3o alcan\u00e7a sal\u00e1rios, alugu\u00e9is, dividendos e outros rendimentos, mas n\u00e3o inclui heran\u00e7a nem venda de bens.<\/p>\n<p>A al\u00edquota cresce at\u00e9 10% para quem recebe R$ 1,2 milh\u00e3o ou mais por ano, afetando apenas 141,4 mil pessoas \u2014 o equivalente a 0,06% da popula\u00e7\u00e3o brasileira e 0,13% de todos os contribuintes.<\/p>\n<h2><strong>Disputa no Legislativo<\/strong><\/h2>\n<p>A proposta do governo, considerada uma das principais bandeiras do mandato, abriu espa\u00e7o para uma intensa disputa no Congresso. O projeto, que deveria se concentrar na eleva\u00e7\u00e3o da faixa de isen\u00e7\u00e3o e em sua compensa\u00e7\u00e3o fiscal, recebeu dezenas de emendas parlamentares. Muitas delas, chamadas de \u201cjabutis\u201d, tratam de interesses setoriais e corporativos sem liga\u00e7\u00e3o direta com a mat\u00e9ria.<\/p>\n<p>Entre as emendas apresentadas, est\u00e3o v\u00e1rias propostas sobre isen\u00e7\u00e3o da Participa\u00e7\u00e3o nos Lucros e Resultados (PLR). A deputada Laura Carneiro (PSD-RJ), por exemplo, prop\u00f4s isentar a PLR de tributa\u00e7\u00e3o \u2014 medida que, embora beneficie os trabalhadores, n\u00e3o dialoga diretamente com a compensa\u00e7\u00e3o das isen\u00e7\u00f5es. Outra emenda, do deputado Reimont (PT-RJ), sugere equiparar a PLR aos dividendos, garantindo isen\u00e7\u00e3o de at\u00e9 R$ 50 mil mensais.<\/p>\n<p>\u201cCom a entrega do Plebiscito Popular e a mobiliza\u00e7\u00e3o da classe trabalhadora, cresce a press\u00e3o para que o Congresso Nacional aprove medidas que garantam justi\u00e7a fiscal, distribui\u00e7\u00e3o de renda e melhores condi\u00e7\u00f5es de trabalho\u201d, afirmou Juvandia Moreira, presidenta da Contraf-CUT.<\/p>\n<p><strong>Fonte: Contraf-CUT<\/strong><\/p>\n","protected":false},"excerpt":{"rendered":"<p>Em um dia hist\u00f3rico para a luta da classe trabalhadora, lideran\u00e7as sindicais e movimentos sociais estiveram em Bras\u00edlia nesta quarta-feira (1\u00b0) para a entrega do resultado parcial do Plebiscito Popular 2025. A iniciativa consultou a popula\u00e7\u00e3o sobre duas pautas centrais: a isen\u00e7\u00e3o de Imposto de Renda (IR) para quem ganha at\u00e9 R$ 5 mil e [&hellip;]<\/p>\n","protected":false},"author":2,"featured_media":16783,"comment_status":"","ping_status":"","sticky":false,"template":"","format":"standard","meta":{"footnotes":""},"categories":[3],"tags":[],"class_list":["post-16784","post","type-post","status-publish","format-standard","has-post-thumbnail","hentry","category-noticias"],"_links":{"self":[{"href":"https:\/\/hostnetart.com.br\/baixada\/wp-json\/wp\/v2\/posts\/16784","targetHints":{"allow":["GET"]}}],"collection":[{"href":"https:\/\/hostnetart.com.br\/baixada\/wp-json\/wp\/v2\/posts"}],"about":[{"href":"https:\/\/hostnetart.com.br\/baixada\/wp-json\/wp\/v2\/types\/post"}],"author":[{"embeddable":true,"href":"https:\/\/hostnetart.com.br\/baixada\/wp-json\/wp\/v2\/users\/2"}],"replies":[{"embeddable":true,"href":"https:\/\/hostnetart.com.br\/baixada\/wp-json\/wp\/v2\/comments?post=16784"}],"version-history":[{"count":0,"href":"https:\/\/hostnetart.com.br\/baixada\/wp-json\/wp\/v2\/posts\/16784\/revisions"}],"wp:featuredmedia":[{"embeddable":true,"href":"https:\/\/hostnetart.com.br\/baixada\/wp-json\/wp\/v2\/media\/16783"}],"wp:attachment":[{"href":"https:\/\/hostnetart.com.br\/baixada\/wp-json\/wp\/v2\/media?parent=16784"}],"wp:term":[{"taxonomy":"category","embeddable":true,"href":"https:\/\/hostnetart.com.br\/baixada\/wp-json\/wp\/v2\/categories?post=16784"},{"taxonomy":"post_tag","embeddable":true,"href":"https:\/\/hostnetart.com.br\/baixada\/wp-json\/wp\/v2\/tags?post=16784"}],"curies":[{"name":"wp","href":"https:\/\/api.w.org\/{rel}","templated":true}]}}