{"id":16778,"date":"2025-09-30T13:25:23","date_gmt":"2025-09-30T16:25:23","guid":{"rendered":"https:\/\/hostnetart.com.br\/baixada\/bndes-dois-acordos-de-trabalho-assinados\/"},"modified":"2025-09-30T13:25:23","modified_gmt":"2025-09-30T16:25:23","slug":"bndes-dois-acordos-de-trabalho-assinados","status":"publish","type":"post","link":"https:\/\/hostnetart.com.br\/baixada\/bndes-dois-acordos-de-trabalho-assinados\/","title":{"rendered":"BNDES: Dois acordos de trabalho assinados"},"content":{"rendered":"<p>\u00a0<\/p>\n<p>Dois acordos coletivos de trabalho que trazem benef\u00edcios aos empregados do BNDES foram firmados nesta segunda-feira (29). \u201cS\u00e3o dois acordos importantes para o pessoal do BNDES. Um deles \u00e9 um aditivo \u00e0 CCT da categoria, que estende aos funcion\u00e1rios do BNDES um direito que toda a categoria tem, que \u00e9 a complementa\u00e7\u00e3o salarial quando uma pessoa est\u00e1 afastada para tratamento de sa\u00fade. O outro \u00e9 o Acordo de Jornada de Trabalho, que regulariza o trabalho remoto, permitindo que se trabalhe dois dias na semana em home office\u201d, explicou a presidenta da Confedera\u00e7\u00e3o Nacional dos Trabalhadores do Ramo Financeiro (Contraf-CUT) e coordenadora do Comando Nacional dos Banc\u00e1rios, Juvandia Moreira.<\/p>\n<p>\u201cO que vemos hoje aqui \u00e9 a valoriza\u00e7\u00e3o da negocia\u00e7\u00e3o coletiva, que foi atacada em per\u00edodo recente. Agora estamos retomando a import\u00e2ncia da mesa de negocia\u00e7\u00f5es e a valoriza\u00e7\u00e3o dos funcion\u00e1rios, que s\u00e3o essenciais para os bons resultados que o banco vem obtendo\u201d, completou Juvandia, que tamb\u00e9m \u00e9 vice-presidenta da CUT.<\/p>\n<p>O presidente do BNDES, Aloizio Mercadante, ressaltou que o banco obteve o segundo melhor resultado de todo o sistema financeiro, com a menor inadimpl\u00eancia. \u201c\u00c9 um banco muito mais produtivo que qualquer outro banco, sob qualquer crit\u00e9rio que voc\u00ea possa analisar. E quem faz o banco n\u00e3o \u00e9 dinheiro, s\u00e3o os recursos humanos, s\u00e3o os trabalhadores, s\u00e3o os funcion\u00e1rios\u201d, disse.<\/p>\n<p>\u201cEste \u00e9 um processo que a gente considera como vitorioso. Foi mais uma etapa de conquista de direitos para os empregados do BNDES\u201d, disse o presidente do Sindicato dos Banc\u00e1rios do Rio de Janeiro e Regi\u00e3o, Jos\u00e9 Ferreira. \u201cPodem contar sempre com a gente para a luta em defesa e de conquista de direitos\u201d, completou.<\/p>\n<h2><strong>Os acordos<\/strong><\/h2>\n<p>Para o presidente da Associa\u00e7\u00e3o dos Funcion\u00e1rios do BNDES, Jorge Fernando Schettini, os dois acordos assinados nesta segunda-feira (29) representam avan\u00e7os em quest\u00f5es fundamentais para os empregados do BNDES.<\/p>\n<p>\u201cO AJT (Acordo de Jornada de Trabalho) \u00e9 a confirma\u00e7\u00e3o da possibilidade de trabalho h\u00edbrido, com dois dias em home office, que pacifica o que j\u00e1 vem acontecendo hoje\u201d, observou. \u201c\u00c9 uma conquista para os empregados, que gostam desta modalidade de trabalho, que cada vez mais vem mostrando sua efetividade, com entrega pelos empregados. E, para o banco tamb\u00e9m \u00e9 bom, pois h\u00e1 grande produtividade e isso contribui para a melhora dos resultados\u201d, completou.<\/p>\n<p>Com a assinatura do AJT, o trabalho remoto no BNDES est\u00e1 garantido por mais dois anos, at\u00e9 o t\u00e9rmino da vig\u00eancia do acordo.<\/p>\n<p>\u201cMuitas empresas est\u00e3o retornando ao presencial. Por isso, este acordo, que possibilita o home office, da mesma forma como \u00e9 hoje, por mais dois anos precisa ser muito valorizado\u201d, completou.<\/p>\n<h2><strong>Complementa\u00e7\u00e3o salarial<\/strong><\/h2>\n<p>O outro acordo assinado na tarde desta segunda-feira \u00e9 um aditivo \u00e0 Conven\u00e7\u00e3o Coletiva de Trabalho (ACT) da categoria banc\u00e1ria. \u201cTrata-se da ades\u00e3o do BNDES \u00e0 cl\u00e1usula 29 da CCT dos banc\u00e1rios. Com isso, agora o banco far\u00e1 a complementa\u00e7\u00e3o salarial do valor pago pelo INSS para os novos empregados que se afastarem para tratamento de sa\u00fade\u201d, disse Schettini, ao acrescentar que para os empregados com mais tempo de trabalho no BNDES esta complementa\u00e7\u00e3o j\u00e1 \u00e9 feita da Funda\u00e7\u00e3o de Assist\u00eancia e Previd\u00eancia Social (Fapes) do BNDES.<\/p>\n<p>\u201cPoucos empregados n\u00e3o tinham a complementa\u00e7\u00e3o pela Fapes. Eram feitos seguros para isso. Mas, com o novo concurso, em breve ser\u00e3o mais 600. Ent\u00e3o, essa ades\u00e3o \u00e0 cl\u00e1usula 29 da CCT da categoria vai garantir a complementa\u00e7\u00e3o para todos estes novos empregados\u201d, explicou o presidente da AFBNDES.<\/p>\n<p><b>Fonte: Contraf-CUT<\/b><\/p>\n","protected":false},"excerpt":{"rendered":"<p>\u00a0 Dois acordos coletivos de trabalho que trazem benef\u00edcios aos empregados do BNDES foram firmados nesta segunda-feira (29). \u201cS\u00e3o dois acordos importantes para o pessoal do BNDES. Um deles \u00e9 um aditivo \u00e0 CCT da categoria, que estende aos funcion\u00e1rios do BNDES um direito que toda a categoria tem, que \u00e9 a complementa\u00e7\u00e3o salarial quando [&hellip;]<\/p>\n","protected":false},"author":2,"featured_media":16777,"comment_status":"","ping_status":"","sticky":false,"template":"","format":"standard","meta":{"footnotes":""},"categories":[3],"tags":[],"class_list":["post-16778","post","type-post","status-publish","format-standard","has-post-thumbnail","hentry","category-noticias"],"_links":{"self":[{"href":"https:\/\/hostnetart.com.br\/baixada\/wp-json\/wp\/v2\/posts\/16778","targetHints":{"allow":["GET"]}}],"collection":[{"href":"https:\/\/hostnetart.com.br\/baixada\/wp-json\/wp\/v2\/posts"}],"about":[{"href":"https:\/\/hostnetart.com.br\/baixada\/wp-json\/wp\/v2\/types\/post"}],"author":[{"embeddable":true,"href":"https:\/\/hostnetart.com.br\/baixada\/wp-json\/wp\/v2\/users\/2"}],"replies":[{"embeddable":true,"href":"https:\/\/hostnetart.com.br\/baixada\/wp-json\/wp\/v2\/comments?post=16778"}],"version-history":[{"count":0,"href":"https:\/\/hostnetart.com.br\/baixada\/wp-json\/wp\/v2\/posts\/16778\/revisions"}],"wp:featuredmedia":[{"embeddable":true,"href":"https:\/\/hostnetart.com.br\/baixada\/wp-json\/wp\/v2\/media\/16777"}],"wp:attachment":[{"href":"https:\/\/hostnetart.com.br\/baixada\/wp-json\/wp\/v2\/media?parent=16778"}],"wp:term":[{"taxonomy":"category","embeddable":true,"href":"https:\/\/hostnetart.com.br\/baixada\/wp-json\/wp\/v2\/categories?post=16778"},{"taxonomy":"post_tag","embeddable":true,"href":"https:\/\/hostnetart.com.br\/baixada\/wp-json\/wp\/v2\/tags?post=16778"}],"curies":[{"name":"wp","href":"https:\/\/api.w.org\/{rel}","templated":true}]}}