{"id":16776,"date":"2025-09-30T13:23:43","date_gmt":"2025-09-30T16:23:43","guid":{"rendered":"https:\/\/hostnetart.com.br\/baixada\/governo-lula-sanciona-lei-que-estende-licenca-maternidade-em-caso-de-internacao-prolongada\/"},"modified":"2025-09-30T13:23:43","modified_gmt":"2025-09-30T16:23:43","slug":"governo-lula-sanciona-lei-que-estende-licenca-maternidade-em-caso-de-internacao-prolongada","status":"publish","type":"post","link":"https:\/\/hostnetart.com.br\/baixada\/governo-lula-sanciona-lei-que-estende-licenca-maternidade-em-caso-de-internacao-prolongada\/","title":{"rendered":"Governo Lula sanciona lei que estende licen\u00e7a-maternidade em caso de interna\u00e7\u00e3o prolongada"},"content":{"rendered":"<\/p>\n<p>O presidente Luiz In\u00e1cio Lula da Silva (PT) sancionou nesta segunda-feira (29), na\u00a0<a href=\"https:\/\/www.gov.br\/mulheres\/pt-br\/assuntos\/5cnpm\" target=\"_blank\" rel=\"noopener noreferrer\">5\u00aa Confer\u00eancia Nacional de Pol\u00edticas para as Mulheres (CNPM)<\/a>, lei que aumenta a licen\u00e7a maternidade. A licen\u00e7a-maternidade de 120 dias passa a contar a partir da alta hospitalar da m\u00e3e e do beb\u00ea, caso a interna\u00e7\u00e3o ultrapasse dois meses.<\/p>\n<p>\u201cA san\u00e7\u00e3o desta lei representa uma vit\u00f3ria concreta para as mulheres e para a sa\u00fade das fam\u00edlias brasileiras. O prolongamento da licen\u00e7a-maternidade em casos de interna\u00e7\u00e3o hospitalar \u00e9 uma medida que garante dignidade e justi\u00e7a social, reconhecendo as dificuldades que muitas m\u00e3es enfrentam no in\u00edcio da vida de seus filhos\u201d, afirma o conselheiro federal Renn\u00e9 Costa, coordenador da C\u00e2mara T\u00e9cnica de Sa\u00fade da Mulher do Conselho Federal de Enfermagem.<\/p>\n<p>\u201cAvan\u00e7ar em pol\u00edticas que conciliam sa\u00fade, trabalho e maternidade \u00e9 essencial para reduzir desigualdades hist\u00f3ricas. \u00c9 um passo importante em defesa da vida, da equidade e da cidadania das mulheres\u201d, avalia o enfermeiro.<\/p>\n<p>A extens\u00e3o tamb\u00e9m vale para o sal\u00e1rio-maternidade. Normalmente, a licen\u00e7a de at\u00e9 120 dias come\u00e7a quando a mulher se afasta do trabalho, entre o 28\u00ba dia antes da data prov\u00e1vel do parto e o momento do nascimento do beb\u00ea.\u00a0 Segundo o texto aprovado pelo Congresso, ser\u00e1 poss\u00edvel prorrogar a licen\u00e7a quando a interna\u00e7\u00e3o hospitalar superar o prazo de duas semanas. Ser\u00e1 necess\u00e1rio comprovar que a interna\u00e7\u00e3o tem rela\u00e7\u00e3o com o parto.<\/p>\n<h2><strong>5\u00ba Confer\u00eancia Nacional de Pol\u00edticas para as Mulheres<\/strong><\/h2>\n<p>A lei foi assinada na abertura da 5\u00aa Confer\u00eancia Nacional de Pol\u00edticas para as Mulheres (CNPM). Com o tema \u201cMais Democracia, Mais Igualdade, Mais Conquistas para Todas\u201d, a 5\u00aa confer\u00eancia nacional acontece em Bras\u00edlia, at\u00e9 quarta, 1\u00ba\/10.\u00a0<\/p>\n<p>Na abertura da Confer\u00eancia, acompanhado por nove das dez ministras mulheres, da primeira-dama, congressistas e de integrantes de movimentos sociais, Lula exaltou a participa\u00e7\u00e3o das mulheres na defesa da democracia. \u201cO autoritarismo n\u00e3o apenas odeia, ele teme as mulheres\u201d, afirmou o presidente. Lula finalizou seu discurso com homenagem a Marielle\u00a0 Franco, vereadora do PSOL morta a tiros em 2018, no Rio de Janeiro.<\/p>\n<p>Fonte: Ascom\/Cofen &#8211; Clara Fagundes<\/p>\n","protected":false},"excerpt":{"rendered":"<p>O presidente Luiz In\u00e1cio Lula da Silva (PT) sancionou nesta segunda-feira (29), na\u00a05\u00aa Confer\u00eancia Nacional de Pol\u00edticas para as Mulheres (CNPM), lei que aumenta a licen\u00e7a maternidade. A licen\u00e7a-maternidade de 120 dias passa a contar a partir da alta hospitalar da m\u00e3e e do beb\u00ea, caso a interna\u00e7\u00e3o ultrapasse dois meses. \u201cA san\u00e7\u00e3o desta lei [&hellip;]<\/p>\n","protected":false},"author":2,"featured_media":16775,"comment_status":"","ping_status":"","sticky":false,"template":"","format":"standard","meta":{"footnotes":""},"categories":[3],"tags":[],"class_list":["post-16776","post","type-post","status-publish","format-standard","has-post-thumbnail","hentry","category-noticias"],"_links":{"self":[{"href":"https:\/\/hostnetart.com.br\/baixada\/wp-json\/wp\/v2\/posts\/16776","targetHints":{"allow":["GET"]}}],"collection":[{"href":"https:\/\/hostnetart.com.br\/baixada\/wp-json\/wp\/v2\/posts"}],"about":[{"href":"https:\/\/hostnetart.com.br\/baixada\/wp-json\/wp\/v2\/types\/post"}],"author":[{"embeddable":true,"href":"https:\/\/hostnetart.com.br\/baixada\/wp-json\/wp\/v2\/users\/2"}],"replies":[{"embeddable":true,"href":"https:\/\/hostnetart.com.br\/baixada\/wp-json\/wp\/v2\/comments?post=16776"}],"version-history":[{"count":0,"href":"https:\/\/hostnetart.com.br\/baixada\/wp-json\/wp\/v2\/posts\/16776\/revisions"}],"wp:featuredmedia":[{"embeddable":true,"href":"https:\/\/hostnetart.com.br\/baixada\/wp-json\/wp\/v2\/media\/16775"}],"wp:attachment":[{"href":"https:\/\/hostnetart.com.br\/baixada\/wp-json\/wp\/v2\/media?parent=16776"}],"wp:term":[{"taxonomy":"category","embeddable":true,"href":"https:\/\/hostnetart.com.br\/baixada\/wp-json\/wp\/v2\/categories?post=16776"},{"taxonomy":"post_tag","embeddable":true,"href":"https:\/\/hostnetart.com.br\/baixada\/wp-json\/wp\/v2\/tags?post=16776"}],"curies":[{"name":"wp","href":"https:\/\/api.w.org\/{rel}","templated":true}]}}