{"id":1676,"date":"2013-10-31T00:00:00","date_gmt":"2013-10-31T02:00:00","guid":{"rendered":"https:\/\/hostnetart.com.br\/baixada\/taxa-de-desemprego-recua-para-10-3-aponta-pesquisa-do-seade-e-dieese\/"},"modified":"2013-10-31T00:00:00","modified_gmt":"2013-10-31T02:00:00","slug":"taxa-de-desemprego-recua-para-10-3-aponta-pesquisa-do-seade-e-dieese","status":"publish","type":"post","link":"https:\/\/hostnetart.com.br\/baixada\/taxa-de-desemprego-recua-para-10-3-aponta-pesquisa-do-seade-e-dieese\/","title":{"rendered":"Taxa de desemprego recua para 10,3%, aponta pesquisa do Seade e Dieese"},"content":{"rendered":"<p>A taxa de desemprego no m\u00eas de setembro ficou em 10,3%, \u00edndice inferior aos 10,6% registrados em agosto, segundo a Pesquisa de Emprego e Desemprego da Funda\u00e7\u00e3o Sistema Estadual de An\u00e1lise de Dados (Seade) e Departamento Intersindical de Estat\u00edstica e Estudos Socioecon\u00f4micos (Dieese). O total de desempregados ficou em 2.313 mil, 42 mil a menos que no m\u00eas anterior.<\/p>\n<p>\u00a0<\/p>\n<p>O n\u00edvel de ocupa\u00e7\u00e3o teve pequeno aumento de 0,7% em setembro na compara\u00e7\u00e3o com agosto. Foram criados 132 mil postos de trabalhos, n\u00famero maior do que o de pessoas que entraram no mercado de trabalho (89 mil). O total de ocupados foi estimado em 20.040 mil, e a Popula\u00e7\u00e3o Economicamente Ativa (PEA) registrou 22.354 mil pessoas.<\/p>\n<p>\u00a0<\/p>\n<p>Nas sete regi\u00f5es metropolitanas onde a pesquisa \u00e9 feita, houve crescimento em Belo Horizonte (de 6,9% para 7,2%) e Recife (14,2% para 14,5%). Houve redu\u00e7\u00e3o em Salvador (18,2% para 17,8%), S\u00e3o Paulo (10,4% para 10%), no Distrito Federal (12,3% para<\/p>\n<p>\u00a0<\/p>\n<p>Fonte: Ag\u00eancia Brasil<\/p>\n","protected":false},"excerpt":{"rendered":"<p>A taxa de desemprego no m\u00eas de setembro ficou em 10,3%, \u00edndice inferior aos 10,6% registrados em agosto, segundo a Pesquisa de Emprego e Desemprego da Funda\u00e7\u00e3o Sistema Estadual de An\u00e1lise de Dados (Seade) e Departamento Intersindical de Estat\u00edstica e Estudos Socioecon\u00f4micos (Dieese). O total de desempregados ficou em 2.313 mil, 42 mil a menos [&hellip;]<\/p>\n","protected":false},"author":1,"featured_media":0,"comment_status":"","ping_status":"","sticky":false,"template":"","format":"standard","meta":{"footnotes":""},"categories":[3],"tags":[],"class_list":["post-1676","post","type-post","status-publish","format-standard","hentry","category-noticias"],"_links":{"self":[{"href":"https:\/\/hostnetart.com.br\/baixada\/wp-json\/wp\/v2\/posts\/1676","targetHints":{"allow":["GET"]}}],"collection":[{"href":"https:\/\/hostnetart.com.br\/baixada\/wp-json\/wp\/v2\/posts"}],"about":[{"href":"https:\/\/hostnetart.com.br\/baixada\/wp-json\/wp\/v2\/types\/post"}],"author":[{"embeddable":true,"href":"https:\/\/hostnetart.com.br\/baixada\/wp-json\/wp\/v2\/users\/1"}],"replies":[{"embeddable":true,"href":"https:\/\/hostnetart.com.br\/baixada\/wp-json\/wp\/v2\/comments?post=1676"}],"version-history":[{"count":0,"href":"https:\/\/hostnetart.com.br\/baixada\/wp-json\/wp\/v2\/posts\/1676\/revisions"}],"wp:attachment":[{"href":"https:\/\/hostnetart.com.br\/baixada\/wp-json\/wp\/v2\/media?parent=1676"}],"wp:term":[{"taxonomy":"category","embeddable":true,"href":"https:\/\/hostnetart.com.br\/baixada\/wp-json\/wp\/v2\/categories?post=1676"},{"taxonomy":"post_tag","embeddable":true,"href":"https:\/\/hostnetart.com.br\/baixada\/wp-json\/wp\/v2\/tags?post=1676"}],"curies":[{"name":"wp","href":"https:\/\/api.w.org\/{rel}","templated":true}]}}