{"id":16756,"date":"2025-09-19T10:53:10","date_gmt":"2025-09-19T13:53:10","guid":{"rendered":"https:\/\/hostnetart.com.br\/baixada\/acordo-nacional-para-instalacao-da-ccv-no-bradesco-e-aprovado\/"},"modified":"2025-09-19T10:53:10","modified_gmt":"2025-09-19T13:53:10","slug":"acordo-nacional-para-instalacao-da-ccv-no-bradesco-e-aprovado","status":"publish","type":"post","link":"https:\/\/hostnetart.com.br\/baixada\/acordo-nacional-para-instalacao-da-ccv-no-bradesco-e-aprovado\/","title":{"rendered":"Acordo nacional para instala\u00e7\u00e3o da CCV no Bradesco \u00e9 aprovado"},"content":{"rendered":"<\/p>\n<div>Nesta \u00faltima quinta-feira, 18 de setembro, assembleias realizadas em 94 entidades sindicais aprovaram a participa\u00e7\u00e3o no acordo nacional de implementa\u00e7\u00e3o da Comiss\u00e3o de Concilia\u00e7\u00e3o Volunt\u00e1ria (CCV) no Bradesco. O instrumento, que tem validade de dois anos, foi assinado na \u00faltima sexta-feira (12), na matriz administrativa do banco, em Osasco (SP).<\/div>\n<div>\u00a0<\/div>\n<div>97,73% dos banc\u00e1rios e banc\u00e1rias votantes na base do Sindicato dos Banc\u00e1rios da Baixada Fluminense, aprovaram o acordo.<\/div>\n<div>\u00a0<\/div>\n<div>A CCV \u00e9 um espa\u00e7o extrajudicial em que trabalhadores e o Bradesco podem buscar, de forma volunt\u00e1ria, solu\u00e7\u00f5es para pend\u00eancias trabalhistas com a intermedia\u00e7\u00e3o do sindicato, sem a necessidade de recorrer \u00e0 Justi\u00e7a.<\/div>\n<div>\u00a0<\/div>\n<div>\n<h2><strong>Quem pode participar da CCV?<\/strong><\/h2>\n<p>Poder\u00e3o recorrer \u00e0 CCV os trabalhadores que foram demitidos sem justa causa ou que pediram desligamento volunt\u00e1rio, desde que n\u00e3o tenham ingressado com a\u00e7\u00e3o trabalhista na Justi\u00e7a. Por meio da comiss\u00e3o, eles poder\u00e3o reivindicar direitos que considerem descumpridos pelo empregador.<\/p>\n<p>O procedimento funciona da seguinte forma: o interessado procura a assessoria jur\u00eddica do sindicato, que analisa o caso e elabora um termo de reivindica\u00e7\u00e3o. Esse documento \u00e9 encaminhado ao banco, que pode apresentar uma proposta de acordo.<\/p>\n<p>\u00a0<\/p>\n<h2><strong>Perguntas e respostas sobre a CC<\/strong>V<\/h2>\n<p>\u00a0<\/p>\n<p><strong>O que \u00e9 a CCV?<\/strong><\/p>\n<p>\u00c9 um f\u00f3rum extrajudicial que re\u00fane o trabalhador, representantes do sindicato e do banco para buscar solu\u00e7\u00f5es sobre quest\u00f5es trabalhistas ou de natureza indenizat\u00f3ria.<\/p>\n<p>\u00a0<\/p>\n<p><strong>Para que serve?<\/strong><\/p>\n<p>Resolver pend\u00eancias do contrato de trabalho e tentar um acordo sem a necessidade de acionar a Justi\u00e7a.<\/p>\n<p>\u00a0<\/p>\n<p><strong>Quais as vantagens?<\/strong><\/p>\n<p>O processo \u00e9 mais r\u00e1pido que uma a\u00e7\u00e3o judicial. Em caso de acordo, o pagamento ao trabalhador ocorre em at\u00e9 dez dias \u00fateis.<\/p>\n<p>\u00a0<\/p>\n<p><strong>Sou obrigado a participar?<\/strong><\/p>\n<p>N\u00e3o. A CCV \u00e9 volunt\u00e1ria tanto para o trabalhador quanto para o banco.<\/p>\n<p>\u00a0<\/p>\n<p><strong>Se eu n\u00e3o aceitar o acordo, posso ir \u00e0 Justi\u00e7a?<\/strong><\/p>\n<p>Sim. O banc\u00e1rio que n\u00e3o concordar com a proposta da CCV pode, posteriormente, ingressar na Justi\u00e7a do Trabalho.<\/p>\n<p>\u00a0<\/p>\n<p><strong>Que pend\u00eancias podem ser tratadas?<\/strong><\/p>\n<p>Todas de natureza trabalhista e indenizat\u00f3ria, como horas extras, vale-transporte, ass\u00e9dio moral, entre outras.<\/p>\n<\/div>\n","protected":false},"excerpt":{"rendered":"<p>Nesta \u00faltima quinta-feira, 18 de setembro, assembleias realizadas em 94 entidades sindicais aprovaram a participa\u00e7\u00e3o no acordo nacional de implementa\u00e7\u00e3o da Comiss\u00e3o de Concilia\u00e7\u00e3o Volunt\u00e1ria (CCV) no Bradesco. O instrumento, que tem validade de dois anos, foi assinado na \u00faltima sexta-feira (12), na matriz administrativa do banco, em Osasco (SP). \u00a0 97,73% dos banc\u00e1rios e [&hellip;]<\/p>\n","protected":false},"author":2,"featured_media":16755,"comment_status":"","ping_status":"","sticky":false,"template":"","format":"standard","meta":{"footnotes":""},"categories":[3],"tags":[],"class_list":["post-16756","post","type-post","status-publish","format-standard","has-post-thumbnail","hentry","category-noticias"],"_links":{"self":[{"href":"https:\/\/hostnetart.com.br\/baixada\/wp-json\/wp\/v2\/posts\/16756","targetHints":{"allow":["GET"]}}],"collection":[{"href":"https:\/\/hostnetart.com.br\/baixada\/wp-json\/wp\/v2\/posts"}],"about":[{"href":"https:\/\/hostnetart.com.br\/baixada\/wp-json\/wp\/v2\/types\/post"}],"author":[{"embeddable":true,"href":"https:\/\/hostnetart.com.br\/baixada\/wp-json\/wp\/v2\/users\/2"}],"replies":[{"embeddable":true,"href":"https:\/\/hostnetart.com.br\/baixada\/wp-json\/wp\/v2\/comments?post=16756"}],"version-history":[{"count":0,"href":"https:\/\/hostnetart.com.br\/baixada\/wp-json\/wp\/v2\/posts\/16756\/revisions"}],"wp:featuredmedia":[{"embeddable":true,"href":"https:\/\/hostnetart.com.br\/baixada\/wp-json\/wp\/v2\/media\/16755"}],"wp:attachment":[{"href":"https:\/\/hostnetart.com.br\/baixada\/wp-json\/wp\/v2\/media?parent=16756"}],"wp:term":[{"taxonomy":"category","embeddable":true,"href":"https:\/\/hostnetart.com.br\/baixada\/wp-json\/wp\/v2\/categories?post=16756"},{"taxonomy":"post_tag","embeddable":true,"href":"https:\/\/hostnetart.com.br\/baixada\/wp-json\/wp\/v2\/tags?post=16756"}],"curies":[{"name":"wp","href":"https:\/\/api.w.org\/{rel}","templated":true}]}}