{"id":16754,"date":"2025-09-18T15:46:21","date_gmt":"2025-09-18T18:46:21","guid":{"rendered":"https:\/\/hostnetart.com.br\/baixada\/caixa-lucrou-r-9-784-bilhoes-no-primeiro-semestre\/"},"modified":"2025-09-18T15:46:21","modified_gmt":"2025-09-18T18:46:21","slug":"caixa-lucrou-r-9-784-bilhoes-no-primeiro-semestre","status":"publish","type":"post","link":"https:\/\/hostnetart.com.br\/baixada\/caixa-lucrou-r-9-784-bilhoes-no-primeiro-semestre\/","title":{"rendered":"Caixa lucrou R$ 9,784 bilh\u00f5es no primeiro semestre"},"content":{"rendered":"<p>A Caixa Econ\u00f4mica Federal divulgou, nesta quarta-feira (17), logo ap\u00f3s o fechamento do mercado, os resultados referentes ao primeiro semestre de 2025. O lucro l\u00edquido cont\u00e1bil no per\u00edodo chegou a R$ 9,784 bilh\u00f5es, o que representa um crescimento de 70,22% em rela\u00e7\u00e3o aos\u00a0<a href=\"https:\/\/contrafcut.com.br\/noticias\/caixa-lucra-mais-de-r-6-bi-no-primeiro-semestre\/\" target=\"_blank\" rel=\"noopener noreferrer\">seis primeiros meses de 2024<\/a>, quando o lucro da Caixa foi de R$ 5,748 bilh\u00f5es.<\/p>\n<p>\u201cO banco precisa valorizar mais seus empregados e empregadas, que sempre conseguem entregar bons resultados, mesmo com os in\u00fameros problemas que precisam superar, seja nos sistemas, que falham constantemente, seja na falta de dinheiro para o fornecimento de cr\u00e9dito, seja pela sobrecarga\u201d, pontuou o coordenador da Comiss\u00e3o Executiva dos Empregados (CEE) da Caixa, Felipe Pacheco.<\/p>\n<h2><strong>Sa\u00fade Caixa<\/strong><\/h2>\n<p>\u201cUma boa forma de reconhecer o empenho dos trabalhadores seria o banco retirar o teto dos seus gastos com a sa\u00fade do quadro de pessoal, fixado no Estatuto Social, pela pr\u00f3pria Caixa, em 6,5% da folha salarial\u201d, avaliou Felipe. \u201cOs empregados j\u00e1 est\u00e3o sufocados pelos valores que precisam pagar pelas mensalidades do Sa\u00fade Caixa. E neste ano tem negocia\u00e7\u00e3o para a renova\u00e7\u00e3o do acordo do plano de sa\u00fade. Se esse teto for exclu\u00eddo, a Caixa pode voltar a arcar com 70% dos custos, que \u00e9 o percentual permitido pelos \u00f3rg\u00e3os reguladores\u201d, completou o coordenador da CEE, ao lembrar que na sexta-feira (19), tem reuni\u00e3o com o banco para dar continuidade \u00e0s negocia\u00e7\u00f5es para a renova\u00e7\u00e3o do acordo.<\/p>\n<p><strong>&gt;&gt;&gt;&gt;&gt;<\/strong>\u00a0<a href=\"https:\/\/contrafcut.com.br\/noticias\/saude-caixa-queremos-proposta\/\" target=\"_blank\" rel=\"noopener noreferrer\">Sa\u00fade Caixa: Queremos proposta!<\/a><\/p>\n<h2><strong>PLR<\/strong><\/h2>\n<p>Com a divulga\u00e7\u00e3o do resultado do semestre, o banco tamb\u00e9m j\u00e1 pode pagar aos empregados a primeira parcela da PLR. Conforme est\u00e1 definido no ACT da PLR, a data limite para pagamento \u00e9 30 de setembro.<\/p>\n<p>\u201cA Contraf-CUT\u00a0<a href=\"https:\/\/contrafcut.com.br\/noticias\/contraf-cut-solicita-antecipacao-da-plr-da-caixa\/\" target=\"_blank\" rel=\"noopener noreferrer\">solicitou a antecipa\u00e7\u00e3o<\/a>\u00a0do pagamento e esperamos que a PLR seja paga na sexta-feira (19), juntamente com o sal\u00e1rio. At\u00e9 mesmo para facilitar os tr\u00e2mites operacionais\u201d, disse.<\/p>\n<p><strong>Fonte: Contraf-CUT<\/strong><\/p>\n","protected":false},"excerpt":{"rendered":"<p>A Caixa Econ\u00f4mica Federal divulgou, nesta quarta-feira (17), logo ap\u00f3s o fechamento do mercado, os resultados referentes ao primeiro semestre de 2025. O lucro l\u00edquido cont\u00e1bil no per\u00edodo chegou a R$ 9,784 bilh\u00f5es, o que representa um crescimento de 70,22% em rela\u00e7\u00e3o aos\u00a0seis primeiros meses de 2024, quando o lucro da Caixa foi de R$ [&hellip;]<\/p>\n","protected":false},"author":2,"featured_media":16753,"comment_status":"","ping_status":"","sticky":false,"template":"","format":"standard","meta":{"footnotes":""},"categories":[3],"tags":[],"class_list":["post-16754","post","type-post","status-publish","format-standard","has-post-thumbnail","hentry","category-noticias"],"_links":{"self":[{"href":"https:\/\/hostnetart.com.br\/baixada\/wp-json\/wp\/v2\/posts\/16754","targetHints":{"allow":["GET"]}}],"collection":[{"href":"https:\/\/hostnetart.com.br\/baixada\/wp-json\/wp\/v2\/posts"}],"about":[{"href":"https:\/\/hostnetart.com.br\/baixada\/wp-json\/wp\/v2\/types\/post"}],"author":[{"embeddable":true,"href":"https:\/\/hostnetart.com.br\/baixada\/wp-json\/wp\/v2\/users\/2"}],"replies":[{"embeddable":true,"href":"https:\/\/hostnetart.com.br\/baixada\/wp-json\/wp\/v2\/comments?post=16754"}],"version-history":[{"count":0,"href":"https:\/\/hostnetart.com.br\/baixada\/wp-json\/wp\/v2\/posts\/16754\/revisions"}],"wp:featuredmedia":[{"embeddable":true,"href":"https:\/\/hostnetart.com.br\/baixada\/wp-json\/wp\/v2\/media\/16753"}],"wp:attachment":[{"href":"https:\/\/hostnetart.com.br\/baixada\/wp-json\/wp\/v2\/media?parent=16754"}],"wp:term":[{"taxonomy":"category","embeddable":true,"href":"https:\/\/hostnetart.com.br\/baixada\/wp-json\/wp\/v2\/categories?post=16754"},{"taxonomy":"post_tag","embeddable":true,"href":"https:\/\/hostnetart.com.br\/baixada\/wp-json\/wp\/v2\/tags?post=16754"}],"curies":[{"name":"wp","href":"https:\/\/api.w.org\/{rel}","templated":true}]}}