{"id":16748,"date":"2025-09-16T15:14:43","date_gmt":"2025-09-16T18:14:43","guid":{"rendered":"https:\/\/hostnetart.com.br\/baixada\/assembleia-dos-funcionarios-do-bradesco-ocorre-quinta-feira-18-9\/"},"modified":"2025-09-16T15:14:43","modified_gmt":"2025-09-16T18:14:43","slug":"assembleia-dos-funcionarios-do-bradesco-ocorre-quinta-feira-18-9","status":"publish","type":"post","link":"https:\/\/hostnetart.com.br\/baixada\/assembleia-dos-funcionarios-do-bradesco-ocorre-quinta-feira-18-9\/","title":{"rendered":"Assembleia dos funcion\u00e1rios do Bradesco ocorre quinta-feira (18\/9)"},"content":{"rendered":"<p>Empregadas e empregados do Banco Bradesco S\/A, Banco Bradesco Financiamentos S\/A, Banco Bradesco BBI S\/A e Banco Bradesco Bradescard S\/A, s\u00f3cios e n\u00e3o s\u00f3cios, da base territorial do Sindicato dos Banc\u00e1rios da Baixada Fluminense, participar\u00e3o de assembleia remota, para deliberar sobre a aprova\u00e7\u00e3o da ades\u00e3o do Sindicato ao Acordo Coletivo de Trabalho, para estabelecer as condi\u00e7\u00f5es de cria\u00e7\u00e3o e funcionamento da Comiss\u00e3o de Concilia\u00e7\u00e3o Volunt\u00e1ria \u2013 CCV, celebrado entre a Contraf-CUT e o Conglomerado Bradesco, com vig\u00eancia <span dir=\"ltr\">de 01\/09\/2025 a 31\/08\/2027<\/span>.<\/p>\n<p>A assembleia ocorre <span dir=\"ltr\">na quinta-feira, 18 de setembro<\/span>, das 8 horas \u00e0s 20 horas.<\/p>\n<div class=\"itemFullText\">\n<p><b>PARA VOTAR<\/b><\/p>\n<p>Para votar e participar, basta acessar o link de vota\u00e7\u00e3o: <a href=\"https:\/\/bancarios.votabem.com.br\/\">https:\/\/bancarios.votabem.com.br\/<\/a><\/p>\n<p>O link estar\u00e1, tamb\u00e9m, dispon\u00edvel em nosso site (<a href=\"http:\/\/www.bancariosbaixada.org.br\/\">http:\/\/www.bancariosbaixada.org.br<\/a>)<\/p>\n<\/div>\n<p>\u00a0<\/p>\n","protected":false},"excerpt":{"rendered":"<p>Empregadas e empregados do Banco Bradesco S\/A, Banco Bradesco Financiamentos S\/A, Banco Bradesco BBI S\/A e Banco Bradesco Bradescard S\/A, s\u00f3cios e n\u00e3o s\u00f3cios, da base territorial do Sindicato dos Banc\u00e1rios da Baixada Fluminense, participar\u00e3o de assembleia remota, para deliberar sobre a aprova\u00e7\u00e3o da ades\u00e3o do Sindicato ao Acordo Coletivo de Trabalho, para estabelecer as [&hellip;]<\/p>\n","protected":false},"author":2,"featured_media":16747,"comment_status":"","ping_status":"","sticky":false,"template":"","format":"standard","meta":{"footnotes":""},"categories":[3],"tags":[],"class_list":["post-16748","post","type-post","status-publish","format-standard","has-post-thumbnail","hentry","category-noticias"],"_links":{"self":[{"href":"https:\/\/hostnetart.com.br\/baixada\/wp-json\/wp\/v2\/posts\/16748","targetHints":{"allow":["GET"]}}],"collection":[{"href":"https:\/\/hostnetart.com.br\/baixada\/wp-json\/wp\/v2\/posts"}],"about":[{"href":"https:\/\/hostnetart.com.br\/baixada\/wp-json\/wp\/v2\/types\/post"}],"author":[{"embeddable":true,"href":"https:\/\/hostnetart.com.br\/baixada\/wp-json\/wp\/v2\/users\/2"}],"replies":[{"embeddable":true,"href":"https:\/\/hostnetart.com.br\/baixada\/wp-json\/wp\/v2\/comments?post=16748"}],"version-history":[{"count":0,"href":"https:\/\/hostnetart.com.br\/baixada\/wp-json\/wp\/v2\/posts\/16748\/revisions"}],"wp:featuredmedia":[{"embeddable":true,"href":"https:\/\/hostnetart.com.br\/baixada\/wp-json\/wp\/v2\/media\/16747"}],"wp:attachment":[{"href":"https:\/\/hostnetart.com.br\/baixada\/wp-json\/wp\/v2\/media?parent=16748"}],"wp:term":[{"taxonomy":"category","embeddable":true,"href":"https:\/\/hostnetart.com.br\/baixada\/wp-json\/wp\/v2\/categories?post=16748"},{"taxonomy":"post_tag","embeddable":true,"href":"https:\/\/hostnetart.com.br\/baixada\/wp-json\/wp\/v2\/tags?post=16748"}],"curies":[{"name":"wp","href":"https:\/\/api.w.org\/{rel}","templated":true}]}}