{"id":16744,"date":"2025-09-16T11:46:08","date_gmt":"2025-09-16T14:46:08","guid":{"rendered":"https:\/\/hostnetart.com.br\/baixada\/saude-caixa-queremos-proposta\/"},"modified":"2025-09-16T11:46:08","modified_gmt":"2025-09-16T14:46:08","slug":"saude-caixa-queremos-proposta","status":"publish","type":"post","link":"https:\/\/hostnetart.com.br\/baixada\/saude-caixa-queremos-proposta\/","title":{"rendered":"Sa\u00fade Caixa: Queremos proposta!"},"content":{"rendered":"<\/p>\n<p>Sindicatos de banc\u00e1rios de todo o pa\u00eds far\u00e3o, na quarta-feira (17), um Dia Nacional de Luta em Defesa do Sa\u00fade Caixa e dos empregados da Caixa. \u201cVamos mobilizar as empregadas e empregados para as negocia\u00e7\u00f5es sobre a renova\u00e7\u00e3o do ACT (Acordo Coletivo de Trabalho) para que se envolvam na cobran\u00e7a para que o banco apresente uma proposta de acordo sem reajuste nas mensalidades e com aumento da participa\u00e7\u00e3o da Caixa no custeio das despesas do plano\u201d, disse o coordenador da Comiss\u00e3o Executiva dos Empregados (CEE) da Caixa, Felipe Pacheco, ao lembrar que al\u00e9m destas duas, existem outras reivindica\u00e7\u00f5es, como:<\/p>\n<ul>\n<li>Reajuste zero nas mensalidades do Sa\u00fade Caixa;<\/li>\n<li>Fim do teto de custeio de 6,5% da folha salarial;<\/li>\n<li>Cumprimento do modelo de custeio 70\/30;<\/li>\n<li>Respeito aos princ\u00edpios do mutualismo, solidariedade e ao pacto intergeracional;<\/li>\n<li>Melhoria e amplia\u00e7\u00e3o da rede credenciada pr\u00f3pria;<\/li>\n<li>Compartilhamento das redes de outros planos;<\/li>\n<li>Plano na aposentadoria para contratados depois de 2018;<\/li>\n<li>Fortalecimento do GT Sa\u00fade Caixa;<\/li>\n<li>Fortalecimento do Conselho de Usu\u00e1rios;<\/li>\n<li>Maior participa\u00e7\u00e3o dos usu\u00e1rios e representantes dos trabalhadores na gest\u00e3o do plano;<\/li>\n<li>Funcionamento efetivo dos comit\u00eas de credenciamento;<\/li>\n<li>Aporte pela Caixa dos valores pagos a menor.<\/li>\n<\/ul>\n<p>\u201cVamos fazer este Dia Nacional de Luta e, pelo menos uma vez por semana, os sindicatos estar\u00e3o nas ag\u00eancias ou unidades administrativas do banco para conversar com os colegas sobre nosso plano de sa\u00fade\u201d.<\/p>\n<h2><strong>Negocia\u00e7\u00f5es<\/strong><\/h2>\n<p>Al\u00e9m das atividades do Dia Nacional de Luta, os empregados ser\u00e3o chamados a participar das a\u00e7\u00f5es nas redes sociais, que come\u00e7am neste dia 17 e seguem, pelo menos, at\u00e9 o dia 19 (sexta-feira), quando acontecer\u00e1 a pr\u00f3xima reuni\u00e3o de negocia\u00e7\u00f5es para a renova\u00e7\u00e3o do ACT do Sa\u00fade Caixa. A reuni\u00e3o ser\u00e1 realizada em Bras\u00edlia, a partir das 12h30.<\/p>\n<h2><strong>Moldura de foto<\/strong><\/h2>\n<p>Como forma de mostrar seu apoio \u00e0 campanha, as empregadas, os empregados e dirigentes sindicais podem utilizar a moldura de foto para colocar em seus perfis nas redes sociais e status do WhatsApp, por exemplo. Basta acessar o link <a href=\"https:\/\/www.twibbonize.com\/reajustezero\">https:\/\/www.twibbonize.com\/reajustezero<\/a> e colocar a moldura na foto escolhida.<\/p>\n<p><strong>Fonte: Contraf-CUT<\/strong><\/p>\n","protected":false},"excerpt":{"rendered":"<p>Sindicatos de banc\u00e1rios de todo o pa\u00eds far\u00e3o, na quarta-feira (17), um Dia Nacional de Luta em Defesa do Sa\u00fade Caixa e dos empregados da Caixa. \u201cVamos mobilizar as empregadas e empregados para as negocia\u00e7\u00f5es sobre a renova\u00e7\u00e3o do ACT (Acordo Coletivo de Trabalho) para que se envolvam na cobran\u00e7a para que o banco apresente [&hellip;]<\/p>\n","protected":false},"author":2,"featured_media":16743,"comment_status":"","ping_status":"","sticky":false,"template":"","format":"standard","meta":{"footnotes":""},"categories":[3],"tags":[],"class_list":["post-16744","post","type-post","status-publish","format-standard","has-post-thumbnail","hentry","category-noticias"],"_links":{"self":[{"href":"https:\/\/hostnetart.com.br\/baixada\/wp-json\/wp\/v2\/posts\/16744","targetHints":{"allow":["GET"]}}],"collection":[{"href":"https:\/\/hostnetart.com.br\/baixada\/wp-json\/wp\/v2\/posts"}],"about":[{"href":"https:\/\/hostnetart.com.br\/baixada\/wp-json\/wp\/v2\/types\/post"}],"author":[{"embeddable":true,"href":"https:\/\/hostnetart.com.br\/baixada\/wp-json\/wp\/v2\/users\/2"}],"replies":[{"embeddable":true,"href":"https:\/\/hostnetart.com.br\/baixada\/wp-json\/wp\/v2\/comments?post=16744"}],"version-history":[{"count":0,"href":"https:\/\/hostnetart.com.br\/baixada\/wp-json\/wp\/v2\/posts\/16744\/revisions"}],"wp:featuredmedia":[{"embeddable":true,"href":"https:\/\/hostnetart.com.br\/baixada\/wp-json\/wp\/v2\/media\/16743"}],"wp:attachment":[{"href":"https:\/\/hostnetart.com.br\/baixada\/wp-json\/wp\/v2\/media?parent=16744"}],"wp:term":[{"taxonomy":"category","embeddable":true,"href":"https:\/\/hostnetart.com.br\/baixada\/wp-json\/wp\/v2\/categories?post=16744"},{"taxonomy":"post_tag","embeddable":true,"href":"https:\/\/hostnetart.com.br\/baixada\/wp-json\/wp\/v2\/tags?post=16744"}],"curies":[{"name":"wp","href":"https:\/\/api.w.org\/{rel}","templated":true}]}}