{"id":16740,"date":"2025-09-12T14:59:56","date_gmt":"2025-09-12T17:59:56","guid":{"rendered":"https:\/\/hostnetart.com.br\/baixada\/atendendo-a-reivindicacao-do-movimento-sindical-bb-paga-plr-nesta-sexta-feira-12\/"},"modified":"2025-09-12T14:59:56","modified_gmt":"2025-09-12T17:59:56","slug":"atendendo-a-reivindicacao-do-movimento-sindical-bb-paga-plr-nesta-sexta-feira-12","status":"publish","type":"post","link":"https:\/\/hostnetart.com.br\/baixada\/atendendo-a-reivindicacao-do-movimento-sindical-bb-paga-plr-nesta-sexta-feira-12\/","title":{"rendered":"Atendendo \u00e0 reivindica\u00e7\u00e3o do movimento sindical, BB paga PLR nesta sexta-feira (12)"},"content":{"rendered":"<\/p>\n<p>Os funcion\u00e1rios e funcion\u00e1rias do Banco do Brasil recebem, nesta sexta-feira (12) o pagamento da Participa\u00e7\u00e3o nos Lucros e\/ou Resultados (PLR). A antecipa\u00e7\u00e3o atende a uma reivindica\u00e7\u00e3o do movimento sindical.<\/p>\n<p>A data foi anunciada oficialmente pelo banco no mesmo dia da divulga\u00e7\u00e3o do balan\u00e7o do primeiro semestre. O acordo aditivo do BB determina que a institui\u00e7\u00e3o fa\u00e7a o cr\u00e9dito em at\u00e9 10 dias ap\u00f3s o pagamento dos dividendos aos acionistas.<\/p>\n<p>Os valores pagos ser\u00e3o proporcionais ao lucro do banco, que atingiu R$ 11,2 bi no primeiro semestre de 2025, uma queda de 40,7% em rela\u00e7\u00e3o ao mesmo per\u00edodo do ano passado, marcada pelo aumento da inadimpl\u00eancia, com destaque para o segmento do agroneg\u00f3cio. O Banco do Brasil, que responde por 50,1% do cr\u00e9dito agropecu\u00e1rio no pa\u00eds, viu a taxa de inadimpl\u00eancia do setor subir para 4,21% no segundo trimestre, uma alta de 1,21 ponto percentual em 12 meses. Com isso, as despesas com Provis\u00e3o para Cr\u00e9ditos de Liquida\u00e7\u00e3o Duvidosa (PCLD) somaram R$ 15,9 bilh\u00f5es, com crescimento de 105% em rela\u00e7\u00e3o a junho de 2024.<\/p>\n<p><strong>\u201cApesar do cen\u00e1rio, \u00e9 fundamental lembrar que o BB \u00e9 o maior banco p\u00fablico da Am\u00e9rica Latina, com mais de dois s\u00e9culos de hist\u00f3ria e pe\u00e7a-chave na sustenta\u00e7\u00e3o da agricultura brasileira, para o desenvolvimento do pa\u00eds e para a estabilidade do sistema financeiro. Sua import\u00e2ncia \u00e9 resultado direto da dedica\u00e7\u00e3o di\u00e1ria de milhares de trabalhadores e trabalhadoras. Assim como a participa\u00e7\u00e3o nos lucros e resultados \u00e9 tamb\u00e9m uma conquista hist\u00f3rica da categoria, fruto de negocia\u00e7\u00f5es nacionais conduzidas pelo movimento sindical\u201d<\/strong>, destaca a coordenadora da Comiss\u00e3o Executiva dos Empregados do Banco do Brasil (CEBB), Fernanda Lopes.<\/p>\n<p><strong>\u201cNo Banco do Brasil, a PLR ainda conta com regras espec\u00edficas previstas no Acordo Coletivo (ACT), que ampliam o alcance da distribui\u00e7\u00e3o e refor\u00e7am a valoriza\u00e7\u00e3o dos funcion\u00e1rios\u201d<\/strong>, ressalta Fernanda.<\/p>\n<h2>Como \u00e9 calculada a PLR no BB<\/h2>\n<p>O c\u00e1lculo da PLR \u00e9 realizado com base nos m\u00f3dulos Fenaban e BB.<br \/>\u2022\u00a0\u00a0 \u00a0M\u00f3dulo Fenaban: 45% do sal\u00e1rio paradigma definido em acordo, acrescido de uma parcela fixa.<br \/>\u2022\u00a0\u00a0 \u00a0M\u00f3dulo BB: distribui\u00e7\u00e3o linear de 4% do lucro l\u00edquido entre os empregados, al\u00e9m de uma parcela vari\u00e1vel.<\/p>\n<h2>Veja abaixo a tabela com os valores<br \/>\u00a0<\/h2>\n<p><img decoding=\"async\" src=\"https:\/\/contrafcut.com.br\/data\/files\/25\/C4\/B0\/8E\/C1E39910C3879E89820808A8\/tabela%20bb.png\" srcset=\"https:\/\/contrafcut.com.br\/data\/files\/25\/C4\/B0\/8E\/C1E39910C3879E89820808A8\/img_tabela%20bb_gd.webp 640w, https:\/\/contrafcut.com.br\/data\/files\/25\/C4\/B0\/8E\/C1E39910C3879E89820808A8\/img_tabela%20bb_md.webp 480w, https:\/\/contrafcut.com.br\/data\/files\/25\/C4\/B0\/8E\/C1E39910C3879E89820808A8\/img_tabela%20bb_pq.webp 320w, https:\/\/contrafcut.com.br\/data\/files\/25\/C4\/B0\/8E\/C1E39910C3879E89820808A8\/tabela%20bb.png\" alt=\"tabela bb.png\" \/><br \/>\u00a0<br \/>Na parcela a ser paga em setembro, poder\u00e1 haver novo desconto de Imposto de Renda (IR) na fonte, considerando o valor total recebido no ano. O montante j\u00e1 retido na primeira parcela, em mar\u00e7o, ser\u00e1 compensado no c\u00e1lculo final.<\/p>\n<h2>Isen\u00e7\u00e3o de IR\u00a0<\/h2>\n<p>Nos \u00faltimos anos, os governos Lula e Dilma promoveram avan\u00e7os importantes na tributa\u00e7\u00e3o da PLR, ao criar uma tabela exclusiva e ampliar progressivamente os valores de isen\u00e7\u00e3o, garantindo que uma fatia maior dos rendimentos dos trabalhadores n\u00e3o fosse comprometida pelo Imposto de Renda.\u00a0<\/p>\n<p>Em 2023, por exemplo, o limite de isen\u00e7\u00e3o foi reajustado pelo governo federal de R$ 6.677,55 para R$ 7.407,11, o que representa mais benef\u00edcio para os trabalhadores e fortalece essa conquista hist\u00f3rica.<\/p>\n<p>Ainda assim, a luta n\u00e3o est\u00e1 encerrada: enquanto lucros e dividendos de acionistas seguem totalmente livres de tributa\u00e7\u00e3o, a PLR continua sendo tributada acima do teto estabelecido. Por isso, a <a href=\"https:\/\/contrafcut.com.br\/noticias\/movimento-sindical-vai-a-camara-para-defender-fim-de-tributacao-sobre-plr\/\" target=\"_blank\" rel=\"noopener noreferrer\">Contraf-CUT tem desempenhado um papel central na articula\u00e7\u00e3o pol\u00edtica,<\/a> mediando debates e pressionando para corrigir esta distor\u00e7\u00e3o, garantindo a isen\u00e7\u00e3o integral da PLR como forma de valorizar o esfor\u00e7o da classe trabalhadora e promover maior justi\u00e7a tribut\u00e1ria.<\/p>\n<p><b>Fonte: Contraf-CUT<\/b><\/p>\n","protected":false},"excerpt":{"rendered":"<p>Os funcion\u00e1rios e funcion\u00e1rias do Banco do Brasil recebem, nesta sexta-feira (12) o pagamento da Participa\u00e7\u00e3o nos Lucros e\/ou Resultados (PLR). A antecipa\u00e7\u00e3o atende a uma reivindica\u00e7\u00e3o do movimento sindical. A data foi anunciada oficialmente pelo banco no mesmo dia da divulga\u00e7\u00e3o do balan\u00e7o do primeiro semestre. O acordo aditivo do BB determina que a [&hellip;]<\/p>\n","protected":false},"author":2,"featured_media":16739,"comment_status":"","ping_status":"","sticky":false,"template":"","format":"standard","meta":{"footnotes":""},"categories":[3],"tags":[],"class_list":["post-16740","post","type-post","status-publish","format-standard","has-post-thumbnail","hentry","category-noticias"],"_links":{"self":[{"href":"https:\/\/hostnetart.com.br\/baixada\/wp-json\/wp\/v2\/posts\/16740","targetHints":{"allow":["GET"]}}],"collection":[{"href":"https:\/\/hostnetart.com.br\/baixada\/wp-json\/wp\/v2\/posts"}],"about":[{"href":"https:\/\/hostnetart.com.br\/baixada\/wp-json\/wp\/v2\/types\/post"}],"author":[{"embeddable":true,"href":"https:\/\/hostnetart.com.br\/baixada\/wp-json\/wp\/v2\/users\/2"}],"replies":[{"embeddable":true,"href":"https:\/\/hostnetart.com.br\/baixada\/wp-json\/wp\/v2\/comments?post=16740"}],"version-history":[{"count":0,"href":"https:\/\/hostnetart.com.br\/baixada\/wp-json\/wp\/v2\/posts\/16740\/revisions"}],"wp:featuredmedia":[{"embeddable":true,"href":"https:\/\/hostnetart.com.br\/baixada\/wp-json\/wp\/v2\/media\/16739"}],"wp:attachment":[{"href":"https:\/\/hostnetart.com.br\/baixada\/wp-json\/wp\/v2\/media?parent=16740"}],"wp:term":[{"taxonomy":"category","embeddable":true,"href":"https:\/\/hostnetart.com.br\/baixada\/wp-json\/wp\/v2\/categories?post=16740"},{"taxonomy":"post_tag","embeddable":true,"href":"https:\/\/hostnetart.com.br\/baixada\/wp-json\/wp\/v2\/tags?post=16740"}],"curies":[{"name":"wp","href":"https:\/\/api.w.org\/{rel}","templated":true}]}}