{"id":1674,"date":"2013-10-31T00:00:00","date_gmt":"2013-10-31T02:00:00","guid":{"rendered":"https:\/\/hostnetart.com.br\/baixada\/audiencia-publica-em-sao-paulo-reforca-mobilizacao-contra-pl-4330\/"},"modified":"2013-10-31T00:00:00","modified_gmt":"2013-10-31T02:00:00","slug":"audiencia-publica-em-sao-paulo-reforca-mobilizacao-contra-pl-4330","status":"publish","type":"post","link":"https:\/\/hostnetart.com.br\/baixada\/audiencia-publica-em-sao-paulo-reforca-mobilizacao-contra-pl-4330\/","title":{"rendered":"Audi\u00eancia p\u00fablica em S\u00e3o Paulo refor\u00e7a mobiliza\u00e7\u00e3o contra PL 4330"},"content":{"rendered":"<p>Em audi\u00eancia p\u00fablica realizada nesta quarta-feira (30) na Assembleia Legislativa de S\u00e3o Paulo (Alesp), por iniciativa dos deputados Luiz Cl\u00e1udio Marcolino e Beth Sah\u00e3o, ambos do PT, foi aprovada uma mo\u00e7\u00e3o de rep\u00fadio ao Projeto de Lei (PL) PL 4330, do deputado Sandro Mabel (PMDB-GO), a ser encaminhada \u00e0 C\u00e2mara dos Deputados, em Bras\u00edlia.<\/p>\n<p>\u00a0<\/p>\n<p>Tamb\u00e9m ser\u00e1 instalado um f\u00f3rum estadual para debater terceiriza\u00e7\u00e3o, a exemplo do F\u00f3rum em Defesa dos Trabalhadores Amea\u00e7ados pela Terceiriza\u00e7\u00e3o, que tem abrang\u00eancia nacional.<\/p>\n<p>\u00a0<\/p>\n<p>\u201c\u00c9 um projeto que precariza, que retira o direito do trabalhador, o que n\u00e3o aceitamos\u201d, disse Marcolino, que \u00e9 o l\u00edder da bancada do PT na Alesp.<\/p>\n<p>\u00a0<\/p>\n<p>&gt; Clique\u00a0<a href=\"http:\/\/www.spbancarios.com.br\/Fotos.aspx?id=615\" target=\"_blank\" rel=\"noopener noreferrer\">aqui<\/a>\u00a0para ver a galeria de fotos.<\/p>\n<p>\u00a0<\/p>\n<p>A vota\u00e7\u00e3o do PL 4330 foi adiada por diversas vezes gra\u00e7as \u00e0 mobiliza\u00e7\u00e3o dos trabalhadores por meio das centrais sindicais. O compromisso mais recente conquistado foi de que as bancadas do PT, PCdoB e diversos parlamentares de outros partidos impe\u00e7am sua tramita\u00e7\u00e3o. o PL encontra-se na Coordena\u00e7\u00e3o de Comiss\u00f5es Permanentes (CCP) da C\u00e2mara dos Deputados.<\/p>\n<p>\u00a0<\/p>\n<p>A secret\u00e1ria de Mulheres da Contraf-CUT, Deise Recoaro, participou do debate e manifestou a necessidade de mobilizar a sociedade contra o PL 4330. \u201cAchamos fundamental iniciativas como essa da Alesp. \u00c9 preciso que toda a sociedade participe desse debate e saiba que os empres\u00e1rios jogam pesado com o PL 4330 para precarizar as condi\u00e7\u00f5es de trabalho e impedir a organiza\u00e7\u00e3o dos trabalhadores\u201d, disse.<\/p>\n<p>\u00a0<\/p>\n<p>\u201cA Contraf-CUT tem participado ativamente dessa luta e articulando sindicatos de banc\u00e1rios de todo o pa\u00eds contra esse projeto lesivo \u00e0 categoria e \u00e0 classe trabalhadora. E foi a luta dos trabalhadores que conseguiu barrar, na marra, enfrentando at\u00e9 forte repress\u00e3o, a aprova\u00e7\u00e3o desse projeto at\u00e9 agora na C\u00e2mara\u201d, ressaltou Deise.<\/p>\n<p>\u00a0<\/p>\n<p>\u00a0<\/p>\n<p><strong>Revolta e como\u00e7\u00e3o<\/strong><\/p>\n<p>\u00a0<\/p>\n<p>O debate lotou o Audit\u00f3rio Paulo Kobayashi na Alesp, gerou revolta e como\u00e7\u00e3o a partir de depoimentos de participantes, a exemplo de trabalhadores do ramo de telecomunica\u00e7\u00e3o, que j\u00e1 viram o processo de terceiriza\u00e7\u00e3o precarizar suas atividades e lutam contra o PL 4330 na tentativa de impedir a quarteiriza\u00e7\u00e3o dos servi\u00e7os.<\/p>\n<p>\u00a0<\/p>\n<p>A secret\u00e1ria-geral do Sindicato dos Banc\u00e1rios de S\u00e3o Paulo, Raquel Kacelnikas, ressaltou que empres\u00e1rios se vangloriam ao contratar mulheres, imigrantes e trabalhadores que est\u00e3o \u00e0 margem da sociedade, mesmo que seja em condi\u00e7\u00f5es prec\u00e1rias, muitas vezes an\u00e1logas ao trabalho escravo. Sobre a luta para arquivar o projeto de lei da terceiriza\u00e7\u00e3o, a dirigente sindical foi clara: \u201cenxergo como uma luta de classes e n\u00e3o como um mero debate sobre atividade meio e fim. \u00c9 um debate mundial\u201d, ressaltou.<\/p>\n<p>\u00a0<\/p>\n<p>\u00a0<\/p>\n<p><strong>N\u00e3o \u00e0 precariza\u00e7\u00e3o<\/strong><\/p>\n<p>\u00a0<\/p>\n<p>Raquel destacou ainda que diversas institui\u00e7\u00f5es financeiras fazem parte da organiza\u00e7\u00e3o de terceirizadas. \u201cOs bancos s\u00e3o s\u00f3cios de muitas dessas empresas. O dinheiro vai para eles mesmos enquanto o terceirizado recebe orienta\u00e7\u00e3o para se apresentar aos clientes como funcion\u00e1rio do banco e realiza trabalho de banc\u00e1rio. O que os empres\u00e1rios querem \u00e9, al\u00e9m de lucrar, minimizar a organiza\u00e7\u00e3o dos trabalhadores no mundo.\u201d<\/p>\n<p>\u00a0<\/p>\n<p>\u00a0<\/p>\n<p><strong>Judici\u00e1rio\u00a0<\/strong><\/p>\n<p>\u00a0<\/p>\n<p>O diretor de Assuntos Legislativos da Anamatra, Fabr\u00edcio Nogueira, destacou que desde sua concep\u00e7\u00e3o, pelos empres\u00e1rios, o PL 4330 piorou muito, no sentido de prejudicar os trabalhadores. \u201cTudo o que foi constru\u00eddo na legisla\u00e7\u00e3o do pa\u00eds ser\u00e1 desmontado por um projeto de lei\u201d, disse. Para Fabricio, a proposta trata de uma \u201creforma feita de forma sorrateira, escondida, com artigos que iludem a classe trabalhadora\u201d.<\/p>\n<p>\u00a0<\/p>\n<p>O representante da Anamatra ainda ressaltou que, caso o projeto seja aprovado, \u201cteremos (no Brasil) unicamente trabalhadores terceirizados, com condi\u00e7\u00f5es prec\u00e1rias e sal\u00e1rios menores\u201d.<\/p>\n<p>\u00a0<\/p>\n<p>Para a secret\u00e1ria de Rela\u00e7\u00f5es do Trabalho da CUT, Maria das Gra\u00e7as Costa, \u201ca CLT mudou o conceito do trabalho. A Constitui\u00e7\u00e3o diz que o trabalhador \u00e9 cidad\u00e3o. Mas o PL 4330 transforma o trabalhador em mercadoria\u201d.<\/p>\n<p>\u00a0<\/p>\n<p>Gra\u00e7a considera a terceiriza\u00e7\u00e3o uma \u201creforma trabalhista em forma de um projeto de lei e a terceiriza\u00e7\u00e3o \u00e9 um instrumento bastante cruel\u201d contra a classe trabalhadora.<\/p>\n<p>\u00a0<\/p>\n<p>Opini\u00e3o \u00e9 tamb\u00e9m da ju\u00edza da Amatra-2\/SP Sandra Assali. \u201cA l\u00f3gica perversa do capital \u00e9 uma t\u00e1tica de guerra para fragmentar as categorias e fragilizar os trabalhadores\u201d, ressaltou ao afirmar que \u201cos ju\u00edzes do Trabalho est\u00e3o muito engajados nesta luta\u201d contra o PL 4330.<\/p>\n<p>\u00a0<\/p>\n<p>Fonte: Contraf-CUT com Seeb S\u00e3o Paulo<\/p>\n","protected":false},"excerpt":{"rendered":"<p>Em audi\u00eancia p\u00fablica realizada nesta quarta-feira (30) na Assembleia Legislativa de S\u00e3o Paulo (Alesp), por iniciativa dos deputados Luiz Cl\u00e1udio Marcolino e Beth Sah\u00e3o, ambos do PT, foi aprovada uma mo\u00e7\u00e3o de rep\u00fadio ao Projeto de Lei (PL) PL 4330, do deputado Sandro Mabel (PMDB-GO), a ser encaminhada \u00e0 C\u00e2mara dos Deputados, em Bras\u00edlia. \u00a0 [&hellip;]<\/p>\n","protected":false},"author":1,"featured_media":0,"comment_status":"","ping_status":"","sticky":false,"template":"","format":"standard","meta":{"footnotes":""},"categories":[3],"tags":[],"class_list":["post-1674","post","type-post","status-publish","format-standard","hentry","category-noticias"],"_links":{"self":[{"href":"https:\/\/hostnetart.com.br\/baixada\/wp-json\/wp\/v2\/posts\/1674","targetHints":{"allow":["GET"]}}],"collection":[{"href":"https:\/\/hostnetart.com.br\/baixada\/wp-json\/wp\/v2\/posts"}],"about":[{"href":"https:\/\/hostnetart.com.br\/baixada\/wp-json\/wp\/v2\/types\/post"}],"author":[{"embeddable":true,"href":"https:\/\/hostnetart.com.br\/baixada\/wp-json\/wp\/v2\/users\/1"}],"replies":[{"embeddable":true,"href":"https:\/\/hostnetart.com.br\/baixada\/wp-json\/wp\/v2\/comments?post=1674"}],"version-history":[{"count":0,"href":"https:\/\/hostnetart.com.br\/baixada\/wp-json\/wp\/v2\/posts\/1674\/revisions"}],"wp:attachment":[{"href":"https:\/\/hostnetart.com.br\/baixada\/wp-json\/wp\/v2\/media?parent=1674"}],"wp:term":[{"taxonomy":"category","embeddable":true,"href":"https:\/\/hostnetart.com.br\/baixada\/wp-json\/wp\/v2\/categories?post=1674"},{"taxonomy":"post_tag","embeddable":true,"href":"https:\/\/hostnetart.com.br\/baixada\/wp-json\/wp\/v2\/tags?post=1674"}],"curies":[{"name":"wp","href":"https:\/\/api.w.org\/{rel}","templated":true}]}}