{"id":16736,"date":"2025-09-11T15:55:18","date_gmt":"2025-09-11T18:55:18","guid":{"rendered":"https:\/\/hostnetart.com.br\/baixada\/coe-itau-se-reunira-na-segunda-feira-15-com-os-representantes-do-banco\/"},"modified":"2025-09-11T15:55:18","modified_gmt":"2025-09-11T18:55:18","slug":"coe-itau-se-reunira-na-segunda-feira-15-com-os-representantes-do-banco","status":"publish","type":"post","link":"https:\/\/hostnetart.com.br\/baixada\/coe-itau-se-reunira-na-segunda-feira-15-com-os-representantes-do-banco\/","title":{"rendered":"COE Ita\u00fa se reunir\u00e1 na segunda-feira (15) com os representantes do banco"},"content":{"rendered":"<p>A Comiss\u00e3o de Organiza\u00e7\u00e3o dos Empregados (COE) do Ita\u00fa se reunir\u00e1 com o banco na segunda-feira (15) para tratar de demiss\u00e3o de mais de 1.000 funcion\u00e1rios pelo banco.<\/p>\n<p>\u201cQueremos que o banco nos mostre como foi feito este monitoramento, porque muitos funcion\u00e1rios est\u00e3o dizendo que trabalhavam conforme sua rotina de trabalho exigia\u201d, disse a coordenadora da COE\/Ita\u00fa, Valeska Pincovai.<br \/>Segundo Valeska a maioria das pessoas demitidas alega ter sido promovida e ganhado pr\u00eamios em programas do banco por atingir resultado de alta performance.<\/p>\n<p>\u201cO Ita\u00fa est\u00e1 jogando na conta dos trabalhadores o corte de postos de trabalho que queria fazer para garantir a efici\u00eancia e crescimento do lucro. Quer fazer mais com menos e n\u00e3o vamos tolerar que os banc\u00e1rios sejam humilhados em rede nacional como se fossem vagabundos\u201d, afirmou a coordenadora da COE\/Ita\u00fa.<\/p>\n<p><strong>Fonte: Contraf-CUT<\/strong><\/p>\n","protected":false},"excerpt":{"rendered":"<p>A Comiss\u00e3o de Organiza\u00e7\u00e3o dos Empregados (COE) do Ita\u00fa se reunir\u00e1 com o banco na segunda-feira (15) para tratar de demiss\u00e3o de mais de 1.000 funcion\u00e1rios pelo banco. \u201cQueremos que o banco nos mostre como foi feito este monitoramento, porque muitos funcion\u00e1rios est\u00e3o dizendo que trabalhavam conforme sua rotina de trabalho exigia\u201d, disse a coordenadora [&hellip;]<\/p>\n","protected":false},"author":2,"featured_media":16735,"comment_status":"","ping_status":"","sticky":false,"template":"","format":"standard","meta":{"footnotes":""},"categories":[3],"tags":[],"class_list":["post-16736","post","type-post","status-publish","format-standard","has-post-thumbnail","hentry","category-noticias"],"_links":{"self":[{"href":"https:\/\/hostnetart.com.br\/baixada\/wp-json\/wp\/v2\/posts\/16736","targetHints":{"allow":["GET"]}}],"collection":[{"href":"https:\/\/hostnetart.com.br\/baixada\/wp-json\/wp\/v2\/posts"}],"about":[{"href":"https:\/\/hostnetart.com.br\/baixada\/wp-json\/wp\/v2\/types\/post"}],"author":[{"embeddable":true,"href":"https:\/\/hostnetart.com.br\/baixada\/wp-json\/wp\/v2\/users\/2"}],"replies":[{"embeddable":true,"href":"https:\/\/hostnetart.com.br\/baixada\/wp-json\/wp\/v2\/comments?post=16736"}],"version-history":[{"count":0,"href":"https:\/\/hostnetart.com.br\/baixada\/wp-json\/wp\/v2\/posts\/16736\/revisions"}],"wp:featuredmedia":[{"embeddable":true,"href":"https:\/\/hostnetart.com.br\/baixada\/wp-json\/wp\/v2\/media\/16735"}],"wp:attachment":[{"href":"https:\/\/hostnetart.com.br\/baixada\/wp-json\/wp\/v2\/media?parent=16736"}],"wp:term":[{"taxonomy":"category","embeddable":true,"href":"https:\/\/hostnetart.com.br\/baixada\/wp-json\/wp\/v2\/categories?post=16736"},{"taxonomy":"post_tag","embeddable":true,"href":"https:\/\/hostnetart.com.br\/baixada\/wp-json\/wp\/v2\/tags?post=16736"}],"curies":[{"name":"wp","href":"https:\/\/api.w.org\/{rel}","templated":true}]}}