{"id":16734,"date":"2025-09-10T13:40:27","date_gmt":"2025-09-10T16:40:27","guid":{"rendered":"https:\/\/hostnetart.com.br\/baixada\/com-divulgacao-do-inpc-veja-como-fica-reajuste-salarial-e-em-outras-verbas-da-categoria\/"},"modified":"2025-09-10T13:40:27","modified_gmt":"2025-09-10T16:40:27","slug":"com-divulgacao-do-inpc-veja-como-fica-reajuste-salarial-e-em-outras-verbas-da-categoria","status":"publish","type":"post","link":"https:\/\/hostnetart.com.br\/baixada\/com-divulgacao-do-inpc-veja-como-fica-reajuste-salarial-e-em-outras-verbas-da-categoria\/","title":{"rendered":"Com divulga\u00e7\u00e3o do INPC, veja como fica reajuste salarial e em outras verbas da categoria"},"content":{"rendered":"<p>O \u00cdndice Nacional de Pre\u00e7os ao Consumidor (<strong>INPC<\/strong>) acumulou alta de <strong>5,05%<\/strong> nos <strong>\u00faltimos 12 meses<\/strong>, conclu\u00eddos em agosto, segundo dados oficiais divulgados nesta quarta-feira (10) pelo Instituto Brasileiro de Geografia e Estat\u00edstica (<strong>IBGE<\/strong>).<\/p>\n<p>Com esse resultado, mais os 0,6% de ganho real conquistados pela categoria na Conven\u00e7\u00e3o Coletiva de Trabalho (CCT), as banc\u00e1rias e banc\u00e1rios ter\u00e3o reajuste de 5,68% sobre o sal\u00e1rio e todas as demais verbas, incluindo a Participa\u00e7\u00e3o nos Lucros e Resultados (PLR), vale-refei\u00e7\u00e3o e vale-alimenta\u00e7\u00e3o.<\/p>\n<p>Veja, a seguir, os impactos dos reajustes, que ser\u00e3o aplicados a partir de 1\u00ba de setembro (data-base da categoria):<\/p>\n<h2><img fetchpriority=\"high\" decoding=\"async\" class=\"alignnone size-full wp-image-28366\" src=\"https:\/\/fetrafrjes.org.br\/wp-content\/uploads\/2025\/09\/Com-divulgacao-do-INPC-veja-como-fica-reajuste-salarial-e-em-outras-verbas-da-categoria-2.png\" alt=\"\" width=\"1024\" height=\"768\" \/><\/h2>\n<p><img decoding=\"async\" class=\"alignnone size-full wp-image-28367\" src=\"https:\/\/fetrafrjes.org.br\/wp-content\/uploads\/2025\/09\/Com-divulgacao-do-INPC-veja-como-fica-reajuste-salarial-e-em-outras-verbas-da-categoria-3.jpeg\" alt=\"\" width=\"1080\" height=\"1350\" \/><strong>Aumento real \u00e9 conquista dos trabalhadores<\/strong><\/p>\n<p>Em agosto de 2024, a categoria obteve a renova\u00e7\u00e3o da Conven\u00e7\u00e3o Coletiva de Trabalho (CCT), v\u00e1lida at\u00e9 agosto de 2026, que garantiu aumento acima da infla\u00e7\u00e3o para os sal\u00e1rios e verbas para os dois anos vigentes do acordo. No ano passado, o reajuste conquistado pela categoria foi de 4,64%, que representou ganho real de 0,9% para aquele momento.<\/p>\n<p><strong>\u201cOs lucros dos bancos s\u00e3o o resultado do trabalho da categoria, no dia a dia. Por isso que, em toda a campanha salarial, colocamos o aumento real como prioridade, ao lado dos debates por melhores condi\u00e7\u00f5es de trabalho&#8221;,<\/strong>\u00a0explica a coordenadora do Comando Nacional dos Banc\u00e1rios e presidenta da Contraf-CUT, Juvandia Moreira.\u00a0<strong>&#8220;Ent\u00e3o, o reajuste acima da infla\u00e7\u00e3o, e que vai se refletir n\u00e3o s\u00f3 nos sal\u00e1rios, mas em todas as cl\u00e1usulas econ\u00f4micas, n\u00e3o se trata de benef\u00edcio dos bancos. Trata-se de conquista da categoria, obtida pelo Comando Nacional dos Banc\u00e1rios nas mesas de negocia\u00e7\u00e3o\u201d<\/strong>, completou.<\/p>\n<p><em>Fonte: Contraf-CUT<\/em><\/p>\n","protected":false},"excerpt":{"rendered":"<p>O \u00cdndice Nacional de Pre\u00e7os ao Consumidor (INPC) acumulou alta de 5,05% nos \u00faltimos 12 meses, conclu\u00eddos em agosto, segundo dados oficiais divulgados nesta quarta-feira (10) pelo Instituto Brasileiro de Geografia e Estat\u00edstica (IBGE). Com esse resultado, mais os 0,6% de ganho real conquistados pela categoria na Conven\u00e7\u00e3o Coletiva de Trabalho (CCT), as banc\u00e1rias e [&hellip;]<\/p>\n","protected":false},"author":2,"featured_media":16733,"comment_status":"","ping_status":"","sticky":false,"template":"","format":"standard","meta":{"footnotes":""},"categories":[3],"tags":[],"class_list":["post-16734","post","type-post","status-publish","format-standard","has-post-thumbnail","hentry","category-noticias"],"_links":{"self":[{"href":"https:\/\/hostnetart.com.br\/baixada\/wp-json\/wp\/v2\/posts\/16734","targetHints":{"allow":["GET"]}}],"collection":[{"href":"https:\/\/hostnetart.com.br\/baixada\/wp-json\/wp\/v2\/posts"}],"about":[{"href":"https:\/\/hostnetart.com.br\/baixada\/wp-json\/wp\/v2\/types\/post"}],"author":[{"embeddable":true,"href":"https:\/\/hostnetart.com.br\/baixada\/wp-json\/wp\/v2\/users\/2"}],"replies":[{"embeddable":true,"href":"https:\/\/hostnetart.com.br\/baixada\/wp-json\/wp\/v2\/comments?post=16734"}],"version-history":[{"count":0,"href":"https:\/\/hostnetart.com.br\/baixada\/wp-json\/wp\/v2\/posts\/16734\/revisions"}],"wp:featuredmedia":[{"embeddable":true,"href":"https:\/\/hostnetart.com.br\/baixada\/wp-json\/wp\/v2\/media\/16733"}],"wp:attachment":[{"href":"https:\/\/hostnetart.com.br\/baixada\/wp-json\/wp\/v2\/media?parent=16734"}],"wp:term":[{"taxonomy":"category","embeddable":true,"href":"https:\/\/hostnetart.com.br\/baixada\/wp-json\/wp\/v2\/categories?post=16734"},{"taxonomy":"post_tag","embeddable":true,"href":"https:\/\/hostnetart.com.br\/baixada\/wp-json\/wp\/v2\/tags?post=16734"}],"curies":[{"name":"wp","href":"https:\/\/api.w.org\/{rel}","templated":true}]}}