{"id":16732,"date":"2025-09-10T13:38:13","date_gmt":"2025-09-10T16:38:13","guid":{"rendered":"https:\/\/hostnetart.com.br\/baixada\/demissoes-no-itau-coordenacao-da-coe-se-reuniu-com-o-banco-e-pediu-revisao-de-desligamentos\/"},"modified":"2025-09-10T13:38:13","modified_gmt":"2025-09-10T16:38:13","slug":"demissoes-no-itau-coordenacao-da-coe-se-reuniu-com-o-banco-e-pediu-revisao-de-desligamentos","status":"publish","type":"post","link":"https:\/\/hostnetart.com.br\/baixada\/demissoes-no-itau-coordenacao-da-coe-se-reuniu-com-o-banco-e-pediu-revisao-de-desligamentos\/","title":{"rendered":"Demiss\u00f5es no Ita\u00fa: Coordena\u00e7\u00e3o da COE se reuniu com o banco e pediu revis\u00e3o de desligamentos"},"content":{"rendered":"<p>A coordena\u00e7\u00e3o da Comiss\u00e3o de Organiza\u00e7\u00e3o dos Empregados (COE) do Ita\u00fa se reuniu, na manh\u00e3 desta ter\u00e7a-feira (9), com o banco Ita\u00fa para pedir a revis\u00e3o das mais de 1.000 demiss\u00f5es realizadas pelo banco na segunda-feira (8). O banco aceitou avaliar apenas as demiss\u00f5es de pessoas adoecidas.<\/p>\n<p>A maioria dos desligamentos ocorreu na base do Sindicato dos Banc\u00e1rios de S\u00e3o Paulo, Osasco e Regi\u00e3o (Seeb-SP), de banc\u00e1rias e banc\u00e1rios que trabalhavam no Centro Tecnol\u00f3gico (CT), CEIC e Faria Lima em regime h\u00edbrido ou integralmente remoto. A justificativa do banco foi que esses empregados estavam sendo monitorados h\u00e1 mais de seis meses e foi detectada &#8220;baixa ader\u00eancia ao home office&#8221;.<\/p>\n<h2><strong>Transpar\u00eancia<\/strong><\/h2>\n<p>\u201cAs pessoas foram monitoradas por seis meses e o banco n\u00e3o deu nenhum alerta sobre a alegada baixa ader\u00eancia. N\u00e3o houve nenhuma possibilidade de se opor, ou de se defender\u201d, observou a coordenadora da Comiss\u00e3o de Organiza\u00e7\u00e3o dos Empregados (COE) do Ita\u00fa, Valeska Pincovai. \u201cAl\u00e9m n\u00e3o ter havido qualquer advert\u00eancia pr\u00e9via aos trabalhadores, tamb\u00e9m n\u00e3o houve qualquer di\u00e1logo com o sindicato, num claro desrespeito aos banc\u00e1rios e \u00e0 sua representa\u00e7\u00e3o sindical\u201d, acrescentou.<\/p>\n<p>\u201cFomos surpreendidos com essa demiss\u00e3o em massa. O banco afirma que os desligamentos se baseiam em registros de inatividade nas m\u00e1quinas corporativas, em alguns casos, per\u00edodos de quatro horas ou mais de suposta ociosidade. No entanto, consideramos esse crit\u00e9rio extremamente question\u00e1vel, j\u00e1 que n\u00e3o leva em conta a complexidade do trabalho banc\u00e1rio remoto, poss\u00edveis falhas t\u00e9cnicas, contextos de sa\u00fade, sobrecarga, ou mesmo a pr\u00f3pria organiza\u00e7\u00e3o do trabalho pelas equipes\u201d, criticou o diretor do Seeb-SP e banc\u00e1rio do Ita\u00fa, Maikon Azzi.<\/p>\n<p>\u201cAs reuni\u00f5es s\u00e3o monitoradas por assuntos, tema, participantes, as metas s\u00e3o controladas constantemente, produtividade e a geolocaliza\u00e7\u00e3o de todos \u00e9 controlada pelo ponto eletr\u00f4nico. Os trabalhadores est\u00e3o tendo sua privacidade invadida a todo momento. O ass\u00e9dio passou a ser digital\u201d, ressaltou Valeska. \u201cPrecisamos regulamentar a utiliza\u00e7\u00e3o da IA no controle das atividades dos banc\u00e1rios para evitar que a situa\u00e7\u00e3o da sa\u00fade mental da categoria, que j\u00e1 est\u00e1 em estado cr\u00edtico, se agrave ainda mais\u201d, completou.<\/p>\n<p>\u201cSolicitamos negocia\u00e7\u00e3o sobre o Acordo de Teletrabalho e que haja transpar\u00eancia das medidas que s\u00e3o tomadas pelo banco, para que as pessoas tenham ci\u00eancia de todo o monitoramento\u201d, disse Valeska, acrescentando que o acordo vence em dezembro e as negocia\u00e7\u00e3o j\u00e1 v\u00e3o come\u00e7ar.<\/p>\n<h2><strong>Reposi\u00e7\u00e3o j\u00e1!<\/strong><\/h2>\n<p>No \u00faltimo semestre, o Ita\u00fa obteve lucro superior a R$ 22,6 bilh\u00f5es, com rentabilidade em alta. \u00c9 o maior banco do pa\u00eds em ativos. Mesmo com esse resultado, segue extinguindo postos de trabalho: em 12 meses, o banco cortou 518 postos de trabalho, reduzindo o quadro de pessoal da holding a 85.775 empregados.<\/p>\n<p>\u201cN\u00e3o justifica o Ita\u00fa demitir mais de 1.000 pessoas com o lucro que teve no \u00faltimo per\u00edodo, e de uma forma t\u00e3o injusta como foi feito. Estamos defendendo o emprego desse pessoal, mas de qualquer forma, exigimos mais contrata\u00e7\u00f5es e, caso n\u00e3o haja a reintegra\u00e7\u00e3o, que estas vagas sejam repostas, pois j\u00e1 h\u00e1 sobrecarga de trabalho, que contribui para o dr\u00e1stico adoecimento mental da categoria. Muito acima do que \u00e9 registrado no total da classe trabalhadora\u201d, disse Valeska.<\/p>\n<p>Nos anos de 2023 e 2024, 57,1% das licen\u00e7as por acidente de trabalho concedidas a banc\u00e1rios foram causadas por transtornos mentais e comportamentais.<\/p>\n<p><strong>Fonte:\u00a0Contraf-CUT, com<a href=\"https:\/\/spbancarios.com.br\/09\/2025\/itau-demite-cerca-de-mil-bancarios-em-home-office-sem-qualquer-advertencia-previa-ou\" target=\"_blank\" rel=\"noopener noreferrer\">\u00a0informa\u00e7\u00f5es do Seeb-SP<\/a><\/strong><\/p>\n","protected":false},"excerpt":{"rendered":"<p>A coordena\u00e7\u00e3o da Comiss\u00e3o de Organiza\u00e7\u00e3o dos Empregados (COE) do Ita\u00fa se reuniu, na manh\u00e3 desta ter\u00e7a-feira (9), com o banco Ita\u00fa para pedir a revis\u00e3o das mais de 1.000 demiss\u00f5es realizadas pelo banco na segunda-feira (8). O banco aceitou avaliar apenas as demiss\u00f5es de pessoas adoecidas. A maioria dos desligamentos ocorreu na base do [&hellip;]<\/p>\n","protected":false},"author":2,"featured_media":16731,"comment_status":"","ping_status":"","sticky":false,"template":"","format":"standard","meta":{"footnotes":""},"categories":[3],"tags":[],"class_list":["post-16732","post","type-post","status-publish","format-standard","has-post-thumbnail","hentry","category-noticias"],"_links":{"self":[{"href":"https:\/\/hostnetart.com.br\/baixada\/wp-json\/wp\/v2\/posts\/16732","targetHints":{"allow":["GET"]}}],"collection":[{"href":"https:\/\/hostnetart.com.br\/baixada\/wp-json\/wp\/v2\/posts"}],"about":[{"href":"https:\/\/hostnetart.com.br\/baixada\/wp-json\/wp\/v2\/types\/post"}],"author":[{"embeddable":true,"href":"https:\/\/hostnetart.com.br\/baixada\/wp-json\/wp\/v2\/users\/2"}],"replies":[{"embeddable":true,"href":"https:\/\/hostnetart.com.br\/baixada\/wp-json\/wp\/v2\/comments?post=16732"}],"version-history":[{"count":0,"href":"https:\/\/hostnetart.com.br\/baixada\/wp-json\/wp\/v2\/posts\/16732\/revisions"}],"wp:featuredmedia":[{"embeddable":true,"href":"https:\/\/hostnetart.com.br\/baixada\/wp-json\/wp\/v2\/media\/16731"}],"wp:attachment":[{"href":"https:\/\/hostnetart.com.br\/baixada\/wp-json\/wp\/v2\/media?parent=16732"}],"wp:term":[{"taxonomy":"category","embeddable":true,"href":"https:\/\/hostnetart.com.br\/baixada\/wp-json\/wp\/v2\/categories?post=16732"},{"taxonomy":"post_tag","embeddable":true,"href":"https:\/\/hostnetart.com.br\/baixada\/wp-json\/wp\/v2\/tags?post=16732"}],"curies":[{"name":"wp","href":"https:\/\/api.w.org\/{rel}","templated":true}]}}