{"id":16730,"date":"2025-09-10T13:36:06","date_gmt":"2025-09-10T16:36:06","guid":{"rendered":"https:\/\/hostnetart.com.br\/baixada\/previ-plano-1-volta-a-atuar-com-superavit\/"},"modified":"2025-09-10T13:36:06","modified_gmt":"2025-09-10T16:36:06","slug":"previ-plano-1-volta-a-atuar-com-superavit","status":"publish","type":"post","link":"https:\/\/hostnetart.com.br\/baixada\/previ-plano-1-volta-a-atuar-com-superavit\/","title":{"rendered":"Previ: Plano 1 volta a atuar com super\u00e1vit"},"content":{"rendered":"<p>A Previ, fundo de previd\u00eancia complementar dos funcion\u00e1rios do Banco do Brasil (BB), divulgou que, em agosto, o Plano 1 alcan\u00e7ou rentabilidade de 8,97% ao ano, percentual acima dos 6,41% estabelecidos para a taxa atuarial (meta de rentabilidade do fundo de pens\u00e3o para honrar seus passivos).<\/p>\n<p>Com esse resultado, o Plano 1 zera o d\u00e9ficit de R$ 3,16 bilh\u00f5es, registrado no final de 2024. Mas,\u00a0<a href=\"https:\/\/valor.globo.com\/financas\/noticia\/2025\/09\/09\/previ-diz-que-conseguiu-zerar-deficit-em-agosto.ghtml\" target=\"_blank\" rel=\"noopener noreferrer\">em entrevista ao Valor Econ\u00f4mico<\/a>, o diretor de administra\u00e7\u00e3o da entidade, M\u00e1rcio de Souza, explicou que o resultado poder\u00e1 virar um super\u00e1vit de R$ 1 bilh\u00e3o, dependendo do resultado do INPC (\u00edndice de infla\u00e7\u00e3o) de agosto, que ser\u00e1 divulgado pelo IBGE amanh\u00e3 (10).<\/p>\n<p><a href=\"https:\/\/oglobo.globo.com\/blogs\/capital\/post\/2025\/09\/previ-fundo-de-pensao-do-bb-deixa-deficit-para-tras-e-fica-em-ate-r-1-bilhao-no-azul.ghtml\" target=\"_blank\" rel=\"noopener noreferrer\">Em entrevista ao jornal O Globo, o presidente da Previ,\u00a0<\/a>Jo\u00e3o Fukunaga, destacou que a Bolsa de Valores, principal fator que puxou o Plano 1 para baixo, no ano passado,\u00a0<strong>\u201c\u00e9 exatamente o que puxa o resultado para cima agora\u201d. Em seguida, acrescentou que a entidade continuar\u00e1 trabalhando na perspectiva do &#8220;longu\u00edssimo prazo&#8221;<\/strong>.<\/p>\n<h2>D\u00e9ficit conjuntural, super\u00e1vit estrutural<\/h2>\n<p>O Plano 1, o maior e mais antigo da Previ, acumula atualmente patrim\u00f4nio de R$ 260 bilh\u00f5es de 106 associados e associadas \u2013 a maior parte j\u00e1 recebe aposentadoria ou pens\u00e3o. J\u00e1 o segundo plano mais importante da entidade, Previ Futuro, acumula patrim\u00f4nio de R$ 38 bilh\u00f5es, de mais de 87 mil associados, sendo que 82 mil ainda est\u00e3o na ativa.<\/p>\n<p>No in\u00edcio de 2025, um ministro do Tribunal de Contas da Uni\u00e3o (TCU) decidiu pedir\u00a0<a href=\"https:\/\/contrafcut.com.br\/main.jsp?lumPageId=2C928085915B1DA901915B4416571298&amp;previewItemId=8A80802898112D8801983CC117E42316&amp;lumItemId=8A80802898112D8801983CC117E52317\" target=\"_blank\" rel=\"noopener noreferrer\">uma auditoria \u00e0 Previ por conta do d\u00e9ficit de 2024<\/a>. A Previ colaborou enviando relat\u00f3rios, que j\u00e1 eram divulgados periodicamente aos associados e ao p\u00fablico em geral.<strong>\u00a0&#8220;Temos interesse que o TCU verifique tudo. J\u00e1 somos fiscalizados em tempo real pela Previc\u201d<\/strong>, explicou M\u00e1rcio de Souza.<\/p>\n<p>Fernanda Lopes, funcion\u00e1ria do BB e coordenadora da Comiss\u00e3o de Empresa dos Funcion\u00e1rios do Banco do Brasil (CEBB), refor\u00e7ou a import\u00e2ncia de auditorias internas e externas, que s\u00e3o recorrentes na Previ.\u00a0<strong>\u201cMas n\u00f3s deixamos registrado, desde sempre, que a Previ, por ser um fundo de pens\u00e3o, constru\u00eddo durante d\u00e9cadas e com a perspectiva de funcionar por outras tantas, deve, sempre, ser analisada na perspectiva do longo prazo\u201d<\/strong>, observou.<\/p>\n<p>Fernanda acrescentou que estruturalmente a Previ tem um modelo de gest\u00e3o forte.\u00a0<strong>\u201cEm 20 anos, por exemplo, a carteira de investimentos da Previ acumulou rentabilidade de 273% acima da meta atuarial. Em 2023, teve um super\u00e1vit acumulado de R$ 14,38 bilh\u00f5es. Ao final de 2024, apresentou d\u00e9ficit acumulado R$ 3,16 bilh\u00f5es, revertido pela equipe t\u00e9cnica, governan\u00e7a parit\u00e1ria (formada por representantes dos associados e do patrocinador, que \u00e9 o Banco do Brasil) e decis\u00f5es colegiadas, em agosto deste ano\u201d<\/strong>, pontuou.<\/p>\n<p><strong>Fonte: Contraf-CUT<\/strong><\/p>\n","protected":false},"excerpt":{"rendered":"<p>A Previ, fundo de previd\u00eancia complementar dos funcion\u00e1rios do Banco do Brasil (BB), divulgou que, em agosto, o Plano 1 alcan\u00e7ou rentabilidade de 8,97% ao ano, percentual acima dos 6,41% estabelecidos para a taxa atuarial (meta de rentabilidade do fundo de pens\u00e3o para honrar seus passivos). Com esse resultado, o Plano 1 zera o d\u00e9ficit [&hellip;]<\/p>\n","protected":false},"author":2,"featured_media":16729,"comment_status":"","ping_status":"","sticky":false,"template":"","format":"standard","meta":{"footnotes":""},"categories":[3],"tags":[],"class_list":["post-16730","post","type-post","status-publish","format-standard","has-post-thumbnail","hentry","category-noticias"],"_links":{"self":[{"href":"https:\/\/hostnetart.com.br\/baixada\/wp-json\/wp\/v2\/posts\/16730","targetHints":{"allow":["GET"]}}],"collection":[{"href":"https:\/\/hostnetart.com.br\/baixada\/wp-json\/wp\/v2\/posts"}],"about":[{"href":"https:\/\/hostnetart.com.br\/baixada\/wp-json\/wp\/v2\/types\/post"}],"author":[{"embeddable":true,"href":"https:\/\/hostnetart.com.br\/baixada\/wp-json\/wp\/v2\/users\/2"}],"replies":[{"embeddable":true,"href":"https:\/\/hostnetart.com.br\/baixada\/wp-json\/wp\/v2\/comments?post=16730"}],"version-history":[{"count":0,"href":"https:\/\/hostnetart.com.br\/baixada\/wp-json\/wp\/v2\/posts\/16730\/revisions"}],"wp:featuredmedia":[{"embeddable":true,"href":"https:\/\/hostnetart.com.br\/baixada\/wp-json\/wp\/v2\/media\/16729"}],"wp:attachment":[{"href":"https:\/\/hostnetart.com.br\/baixada\/wp-json\/wp\/v2\/media?parent=16730"}],"wp:term":[{"taxonomy":"category","embeddable":true,"href":"https:\/\/hostnetart.com.br\/baixada\/wp-json\/wp\/v2\/categories?post=16730"},{"taxonomy":"post_tag","embeddable":true,"href":"https:\/\/hostnetart.com.br\/baixada\/wp-json\/wp\/v2\/tags?post=16730"}],"curies":[{"name":"wp","href":"https:\/\/api.w.org\/{rel}","templated":true}]}}