{"id":16728,"date":"2025-09-09T14:30:29","date_gmt":"2025-09-09T17:30:29","guid":{"rendered":"https:\/\/hostnetart.com.br\/baixada\/campanha-sobre-a-meta-atuarial-esclareceu-participantes-e-alerta-sobre-revisao-anual-da-taxa\/"},"modified":"2025-09-09T14:30:29","modified_gmt":"2025-09-09T17:30:29","slug":"campanha-sobre-a-meta-atuarial-esclareceu-participantes-e-alerta-sobre-revisao-anual-da-taxa","status":"publish","type":"post","link":"https:\/\/hostnetart.com.br\/baixada\/campanha-sobre-a-meta-atuarial-esclareceu-participantes-e-alerta-sobre-revisao-anual-da-taxa\/","title":{"rendered":"Campanha sobre a meta atuarial esclareceu participantes e alerta sobre revis\u00e3o anual da taxa"},"content":{"rendered":"<\/p>\n<p>A campanha \u201cA Meta em Seu Benef\u00edcio\u201d, realizada pela Fenae, Contraf-CUT e Anapar, foi fundamental para esclarecer aos participantes da Funcef o que \u00e9 a meta atuarial, como ela impacta diretamente os benef\u00edcios e de que forma decis\u00f5es equivocadas do passado geraram perdas bilion\u00e1rias.\u00a0<\/p>\n<p>A discuss\u00e3o permanece atual. A meta atuarial \u00e9 revisada anualmente, e esse momento est\u00e1 chegando novamente na Funcef. A an\u00e1lise precisa ser t\u00e9cnica, considerando o cen\u00e1rio econ\u00f4mico e o perfil dos planos. Mas \u00e9 preciso estar atento! A Caixa, como patrocinadora, sempre buscar\u00e1 reduzir seus compromissos. Por isso, acompanhar o processo, compreender os impactos e se mobilizar \u00e9 essencial para proteger seus benef\u00edcios, atuais ou futuros.<\/p>\n<p>O hist\u00f3rico mostra a import\u00e2ncia dessa vigil\u00e2ncia. A proposta de redu\u00e7\u00e3o das contribui\u00e7\u00f5es extraordin\u00e1rias resultou em perdas para os participantes, que seriam amenizadas com medidas como a responsabiliza\u00e7\u00e3o da Caixa pelo contencioso, a amplia\u00e7\u00e3o do prazo e o ajuste adequado da meta atuarial.<\/p>\n<p>O balan\u00e7o da campanha mostra que \u00e9 preciso continuar debatendo assuntos relacionados aos planos administrados pela Funda\u00e7\u00e3o para evitar que decis\u00f5es patrocinadas pela Caixa causem perdas aos participantes, tais como a altera\u00e7\u00e3o da meta de 2017, a mudan\u00e7a no estatuto, iniciada em 2018 e conclu\u00edda em 2021, e a implanta\u00e7\u00e3o da CGPAR 25 no REG\/Replan N\u00e3o Saldado, em 2021. H\u00e1 muito a ser feito sobre a Funda\u00e7\u00e3o e pela preserva\u00e7\u00e3o e amplia\u00e7\u00e3o de direitos.\u00a0<\/p>\n<p>O desafio agora \u00e9 assegurar o ajuste adequado da meta, cobrar o pagamento integral do contencioso, avan\u00e7ar na incorpora\u00e7\u00e3o do REB e retomar o Estatuto negociado em 2007, hoje desfigurado.\u00a0<\/p>\n<p>O conhecimento \u00e9 a principal ferramenta de defesa dos participantes. A Fenae, a Contraf-CUT e a Anapar reafirmam o compromisso em continuar esse debate, que n\u00e3o se encerra. Apenas se renova.<\/p>\n<p><strong>Fonte:<\/strong> <a href=\"https:\/\/metaatuarial.fenae.org.br\/portal\/meta-atuarial\/noticias\/campanha-sobre-a-meta-atuarial-esclareceu-participantes-e-alerta-sobre-revisao-anual-da-taxa.htm\" target=\"_blank\" rel=\"noopener noreferrer\">Campanha &#8220;A meta em seu benef\u00edcio&#8221;<\/a><\/p>\n","protected":false},"excerpt":{"rendered":"<p>A campanha \u201cA Meta em Seu Benef\u00edcio\u201d, realizada pela Fenae, Contraf-CUT e Anapar, foi fundamental para esclarecer aos participantes da Funcef o que \u00e9 a meta atuarial, como ela impacta diretamente os benef\u00edcios e de que forma decis\u00f5es equivocadas do passado geraram perdas bilion\u00e1rias.\u00a0 A discuss\u00e3o permanece atual. A meta atuarial \u00e9 revisada anualmente, e [&hellip;]<\/p>\n","protected":false},"author":2,"featured_media":16727,"comment_status":"","ping_status":"","sticky":false,"template":"","format":"standard","meta":{"footnotes":""},"categories":[3],"tags":[],"class_list":["post-16728","post","type-post","status-publish","format-standard","has-post-thumbnail","hentry","category-noticias"],"_links":{"self":[{"href":"https:\/\/hostnetart.com.br\/baixada\/wp-json\/wp\/v2\/posts\/16728","targetHints":{"allow":["GET"]}}],"collection":[{"href":"https:\/\/hostnetart.com.br\/baixada\/wp-json\/wp\/v2\/posts"}],"about":[{"href":"https:\/\/hostnetart.com.br\/baixada\/wp-json\/wp\/v2\/types\/post"}],"author":[{"embeddable":true,"href":"https:\/\/hostnetart.com.br\/baixada\/wp-json\/wp\/v2\/users\/2"}],"replies":[{"embeddable":true,"href":"https:\/\/hostnetart.com.br\/baixada\/wp-json\/wp\/v2\/comments?post=16728"}],"version-history":[{"count":0,"href":"https:\/\/hostnetart.com.br\/baixada\/wp-json\/wp\/v2\/posts\/16728\/revisions"}],"wp:featuredmedia":[{"embeddable":true,"href":"https:\/\/hostnetart.com.br\/baixada\/wp-json\/wp\/v2\/media\/16727"}],"wp:attachment":[{"href":"https:\/\/hostnetart.com.br\/baixada\/wp-json\/wp\/v2\/media?parent=16728"}],"wp:term":[{"taxonomy":"category","embeddable":true,"href":"https:\/\/hostnetart.com.br\/baixada\/wp-json\/wp\/v2\/categories?post=16728"},{"taxonomy":"post_tag","embeddable":true,"href":"https:\/\/hostnetart.com.br\/baixada\/wp-json\/wp\/v2\/tags?post=16728"}],"curies":[{"name":"wp","href":"https:\/\/api.w.org\/{rel}","templated":true}]}}