{"id":16710,"date":"2025-09-02T12:36:11","date_gmt":"2025-09-02T15:36:11","guid":{"rendered":"https:\/\/hostnetart.com.br\/baixada\/itau-antecipara-pagamento-da-plr-e-da-pcr\/"},"modified":"2025-09-02T12:36:11","modified_gmt":"2025-09-02T15:36:11","slug":"itau-antecipara-pagamento-da-plr-e-da-pcr","status":"publish","type":"post","link":"https:\/\/hostnetart.com.br\/baixada\/itau-antecipara-pagamento-da-plr-e-da-pcr\/","title":{"rendered":"Ita\u00fa antecipar\u00e1 pagamento da PLR e da PCR"},"content":{"rendered":"<p>As funcion\u00e1rias e os funcion\u00e1rios do banco Ita\u00fa v\u00e3o receber a primeira parcela da Participa\u00e7\u00e3o nos Lucros e Resultados (PLR) no dia 25 de setembro. Cinco dias antes da data limite prevista no Acordo Coletivo de Trabalho (ACT) da categoria. A antecipa\u00e7\u00e3o do pagamento ser\u00e1 realizada em atendimento \u00e0 reivindica\u00e7\u00e3o do movimento sindical. Juntamente com a primeira parcela da PLR, tamb\u00e9m ser\u00e3o pagos os valores da Participa\u00e7\u00e3o Complementar nos Resultados (PCR), o programa pr\u00f3prio do Ita\u00fa.<\/p>\n<p>Os valores referentes \u00e0 PLR ainda n\u00e3o est\u00e3o definidos, uma vez que o c\u00e1lculo depende do \u00edndice de corre\u00e7\u00e3o (INPC), que ser\u00e1 divulgado apenas no dia 10 de setembro.<\/p>\n<p>Mas, referente \u00e0 PCR, o valor j\u00e1 \u00e9 sabido. Em rela\u00e7\u00e3o ao valor pago em 2024, haver\u00e1 um reajuste de 6,25%, equivalente \u00e0 infla\u00e7\u00e3o de mar\u00e7o medida pelo INPC mais 1%. S\u00e3o duas faixas de valor:<\/p>\n<ul>\n<li>Primeira faixa (ROE at\u00e9 22,1%): R$ 3.908,05<\/li>\n<li>Segunda faixa (ROE acima de 22,1%): R$ 4.096,42<\/li>\n<\/ul>\n<p><strong>Fonte: Contraf-CUT<\/strong><\/p>\n","protected":false},"excerpt":{"rendered":"<p>As funcion\u00e1rias e os funcion\u00e1rios do banco Ita\u00fa v\u00e3o receber a primeira parcela da Participa\u00e7\u00e3o nos Lucros e Resultados (PLR) no dia 25 de setembro. Cinco dias antes da data limite prevista no Acordo Coletivo de Trabalho (ACT) da categoria. A antecipa\u00e7\u00e3o do pagamento ser\u00e1 realizada em atendimento \u00e0 reivindica\u00e7\u00e3o do movimento sindical. Juntamente com [&hellip;]<\/p>\n","protected":false},"author":2,"featured_media":16709,"comment_status":"","ping_status":"","sticky":false,"template":"","format":"standard","meta":{"footnotes":""},"categories":[3],"tags":[],"class_list":["post-16710","post","type-post","status-publish","format-standard","has-post-thumbnail","hentry","category-noticias"],"_links":{"self":[{"href":"https:\/\/hostnetart.com.br\/baixada\/wp-json\/wp\/v2\/posts\/16710","targetHints":{"allow":["GET"]}}],"collection":[{"href":"https:\/\/hostnetart.com.br\/baixada\/wp-json\/wp\/v2\/posts"}],"about":[{"href":"https:\/\/hostnetart.com.br\/baixada\/wp-json\/wp\/v2\/types\/post"}],"author":[{"embeddable":true,"href":"https:\/\/hostnetart.com.br\/baixada\/wp-json\/wp\/v2\/users\/2"}],"replies":[{"embeddable":true,"href":"https:\/\/hostnetart.com.br\/baixada\/wp-json\/wp\/v2\/comments?post=16710"}],"version-history":[{"count":0,"href":"https:\/\/hostnetart.com.br\/baixada\/wp-json\/wp\/v2\/posts\/16710\/revisions"}],"wp:featuredmedia":[{"embeddable":true,"href":"https:\/\/hostnetart.com.br\/baixada\/wp-json\/wp\/v2\/media\/16709"}],"wp:attachment":[{"href":"https:\/\/hostnetart.com.br\/baixada\/wp-json\/wp\/v2\/media?parent=16710"}],"wp:term":[{"taxonomy":"category","embeddable":true,"href":"https:\/\/hostnetart.com.br\/baixada\/wp-json\/wp\/v2\/categories?post=16710"},{"taxonomy":"post_tag","embeddable":true,"href":"https:\/\/hostnetart.com.br\/baixada\/wp-json\/wp\/v2\/tags?post=16710"}],"curies":[{"name":"wp","href":"https:\/\/api.w.org\/{rel}","templated":true}]}}