{"id":16704,"date":"2025-08-28T17:26:03","date_gmt":"2025-08-28T20:26:03","guid":{"rendered":"https:\/\/hostnetart.com.br\/baixada\/28-de-agosto-dia-do-bancario-uma-data-de-luta-e-conquistas-historicas\/"},"modified":"2025-08-28T17:26:03","modified_gmt":"2025-08-28T20:26:03","slug":"28-de-agosto-dia-do-bancario-uma-data-de-luta-e-conquistas-historicas","status":"publish","type":"post","link":"https:\/\/hostnetart.com.br\/baixada\/28-de-agosto-dia-do-bancario-uma-data-de-luta-e-conquistas-historicas\/","title":{"rendered":"28 de agosto, Dia do Banc\u00e1rio: uma data de luta e conquistas hist\u00f3ricas"},"content":{"rendered":"<p>Nesta quinta-feira, 28 de agosto, \u00e9 celebrado o Dia do Banc\u00e1rio. Mais do que uma simples data comemorativa, o dia deve ser lembrado como s\u00edmbolo da luta que a categoria vem travando ao longo das d\u00e9cadas em defesa de melhores condi\u00e7\u00f5es de trabalho, sal\u00e1rios dignos e reconhecimento pelo papel fundamental que exerce na economia e na sociedade brasileira.<\/p>\n<p>Os banc\u00e1rios e banc\u00e1rias s\u00e3o respons\u00e1veis por sustentar os alt\u00edssimos lucros do sistema financeiro nacional. Ainda assim, enfrentam uma dura realidade marcada por cobran\u00e7as abusivas de metas, adoecimento, demiss\u00f5es e fechamento de ag\u00eancias. Por isso, a data \u00e9 tamb\u00e9m um chamado \u00e0 mobiliza\u00e7\u00e3o para as constantes campanhas da categoria, para garantir novas conquistas e avan\u00e7ar na defesa de direitos.<\/p>\n<h2><strong>Um dia marcado pela hist\u00f3ria<\/strong><\/h2>\n<p>O 28 de agosto de 1951 ficou marcado como o dia em que os banc\u00e1rios cruzaram os bra\u00e7os para reivindicar reajuste de 40%, enquanto os bancos ofereciam apenas 20%. \u00c0 \u00e9poca, o governo apontava infla\u00e7\u00e3o de 15,4%. Mas, ap\u00f3s contesta\u00e7\u00e3o da categoria, os pr\u00f3prios \u00edndices oficiais foram revistos e reajustados para 30,7%.<\/p>\n<p>A greve, que durou 69 dias (a maior paralisa\u00e7\u00e3o da hist\u00f3ria da categoria), resultou em um reajuste de 31%. Desde ent\u00e3o, a data passou a ser celebrada como o Dia do Banc\u00e1rio.<\/p>\n<h2><strong>Conquistas que transformaram a categoria<\/strong><\/h2>\n<p>A hist\u00f3rica mobiliza\u00e7\u00e3o de 1951 deixou marcas profundas:\u00a0<\/p>\n<ul>\n<li>Fortalecimento sindical: a greve impulsionou a cria\u00e7\u00e3o de sindicatos de banc\u00e1rios em v\u00e1rias regi\u00f5es do pa\u00eds, ampliando a organiza\u00e7\u00e3o da categoria.<\/li>\n<li>Conven\u00e7\u00e3o Coletiva Nacional: ao longo dos anos, a luta resultou em uma conquista in\u00e9dita no Brasil: os banc\u00e1rios s\u00e3o a \u00fanica categoria profissional com uma Conven\u00e7\u00e3o Coletiva de Trabalho (CCT) v\u00e1lida em todo o territ\u00f3rio nacional.<\/li>\n<li>Funda\u00e7\u00e3o do Dieese: a contesta\u00e7\u00e3o aos \u00edndices oficiais do governo abriu caminho para a cria\u00e7\u00e3o do Departamento Intersindical de Estat\u00edstica e Estudos Socioecon\u00f4micos (Dieese), em 1955, refer\u00eancia at\u00e9 hoje na produ\u00e7\u00e3o de dados confi\u00e1veis a servi\u00e7o dos trabalhadores.<\/li>\n<\/ul>\n<h2><strong>Dia de luta tamb\u00e9m pela funda\u00e7\u00e3o da CUT<\/strong><\/h2>\n<p>O 28 de agosto tamb\u00e9m \u00e9 um marco para o conjunto da classe trabalhadora: foi nesta data, em 1983, durante o 1\u00ba Congresso Nacional da Classe Trabalhadora (Conclat), que nasceu a Central \u00danica dos Trabalhadores (CUT).<\/p>\n<p>Criada em plena ditadura militar, a CUT se consolidou como a maior central sindical do pa\u00eds, desempenhando papel decisivo nas lutas democr\u00e1ticas, na defesa dos direitos sociais e na organiza\u00e7\u00e3o dos trabalhadores e trabalhadoras em diversas categorias.<\/p>\n<h2><strong>Mais atual do que nunca<\/strong><\/h2>\n<p>Assim como em 1951, a categoria banc\u00e1ria segue enfrentando ataques e desafios. A luta contra a precariza\u00e7\u00e3o do trabalho, contra a redu\u00e7\u00e3o de direitos e pela valoriza\u00e7\u00e3o profissional continua.<\/p>\n<p>Por isso, o Dia do Banc\u00e1rio n\u00e3o \u00e9 apenas uma data para recordar o passado, mas para renovar a disposi\u00e7\u00e3o de luta. A cada negocia\u00e7\u00e3o coletiva, a cada mobiliza\u00e7\u00e3o em defesa do emprego e da dignidade, reafirma-se o legado de coragem que transformou o 28 de agosto em s\u00edmbolo da resist\u00eancia da categoria.<\/p>\n<p>Parab\u00e9ns, banc\u00e1rios e banc\u00e1rias! Que esta data siga inspirando uni\u00e3o, mobiliza\u00e7\u00e3o e conquistas!<\/p>\n<p><em>Fonte: Contraf-CUT<\/em><\/p>\n","protected":false},"excerpt":{"rendered":"<p>Nesta quinta-feira, 28 de agosto, \u00e9 celebrado o Dia do Banc\u00e1rio. Mais do que uma simples data comemorativa, o dia deve ser lembrado como s\u00edmbolo da luta que a categoria vem travando ao longo das d\u00e9cadas em defesa de melhores condi\u00e7\u00f5es de trabalho, sal\u00e1rios dignos e reconhecimento pelo papel fundamental que exerce na economia e [&hellip;]<\/p>\n","protected":false},"author":2,"featured_media":16703,"comment_status":"","ping_status":"","sticky":false,"template":"","format":"standard","meta":{"footnotes":""},"categories":[3],"tags":[],"class_list":["post-16704","post","type-post","status-publish","format-standard","has-post-thumbnail","hentry","category-noticias"],"_links":{"self":[{"href":"https:\/\/hostnetart.com.br\/baixada\/wp-json\/wp\/v2\/posts\/16704","targetHints":{"allow":["GET"]}}],"collection":[{"href":"https:\/\/hostnetart.com.br\/baixada\/wp-json\/wp\/v2\/posts"}],"about":[{"href":"https:\/\/hostnetart.com.br\/baixada\/wp-json\/wp\/v2\/types\/post"}],"author":[{"embeddable":true,"href":"https:\/\/hostnetart.com.br\/baixada\/wp-json\/wp\/v2\/users\/2"}],"replies":[{"embeddable":true,"href":"https:\/\/hostnetart.com.br\/baixada\/wp-json\/wp\/v2\/comments?post=16704"}],"version-history":[{"count":0,"href":"https:\/\/hostnetart.com.br\/baixada\/wp-json\/wp\/v2\/posts\/16704\/revisions"}],"wp:featuredmedia":[{"embeddable":true,"href":"https:\/\/hostnetart.com.br\/baixada\/wp-json\/wp\/v2\/media\/16703"}],"wp:attachment":[{"href":"https:\/\/hostnetart.com.br\/baixada\/wp-json\/wp\/v2\/media?parent=16704"}],"wp:term":[{"taxonomy":"category","embeddable":true,"href":"https:\/\/hostnetart.com.br\/baixada\/wp-json\/wp\/v2\/categories?post=16704"},{"taxonomy":"post_tag","embeddable":true,"href":"https:\/\/hostnetart.com.br\/baixada\/wp-json\/wp\/v2\/tags?post=16704"}],"curies":[{"name":"wp","href":"https:\/\/api.w.org\/{rel}","templated":true}]}}