{"id":16700,"date":"2025-08-28T14:38:05","date_gmt":"2025-08-28T17:38:05","guid":{"rendered":"https:\/\/hostnetart.com.br\/baixada\/movimentos-sociais-realizam-dia-d-de-mobilizacao-nas-redes-em-favor-do-plebiscito-popular\/"},"modified":"2025-08-28T14:38:05","modified_gmt":"2025-08-28T17:38:05","slug":"movimentos-sociais-realizam-dia-d-de-mobilizacao-nas-redes-em-favor-do-plebiscito-popular","status":"publish","type":"post","link":"https:\/\/hostnetart.com.br\/baixada\/movimentos-sociais-realizam-dia-d-de-mobilizacao-nas-redes-em-favor-do-plebiscito-popular\/","title":{"rendered":"Movimentos sociais realizam &#8220;dia D&#8221; de mobiliza\u00e7\u00e3o nas redes em favor do Plebiscito Popular"},"content":{"rendered":"<p>Desde o dia 1\u00ba de julho, \u00e9 poss\u00edvel participar do Plebiscito Popular 2025. Neste ano, a popula\u00e7\u00e3o \u00e9 chamada a responder &#8220;sim&#8221; ou &#8220;n\u00e3o&#8221; para duas perguntas:<\/p>\n<p>&#8211; Voc\u00ea \u00e9 a favor da redu\u00e7\u00e3o da jornada de trabalho sem redu\u00e7\u00e3o salarial e do fim da escala 6\u00d71?<br \/>&#8211; Voc\u00ea \u00e9 a favor de que quem ganhe mais de R$ 50 mil por m\u00eas pague mais Imposto de Renda para que quem recebe at\u00e9 R$ 5 mil por m\u00eas n\u00e3o pague?<\/p>\n<p>O levantamento ir\u00e1 receber os votos at\u00e9 o dia 7 de setembro, por meio de urnas f\u00edsicas (espalhadas em sindicatos, pra\u00e7as, igrejas, terminais de transporte, escolas ou locais de trabalho) ou por urnas digitais, como a registrada pela Contraf-CUT e que pode ser acessada por link (<a href=\"https:\/\/plebiscitopopular.votabem.com.br\/?id=8267IT9285\" target=\"_blank\" rel=\"noopener noreferrer\"><strong>clique aqui<\/strong><\/a>) ou pelo QR Code abaixo (basta apontar a c\u00e2mera do celular, que voc\u00ea ser\u00e1 direcionado para a vota\u00e7\u00e3o):<\/p>\n<p><img fetchpriority=\"high\" decoding=\"async\" class=\"alignnone size-full wp-image-28266\" src=\"https:\/\/fetrafrjes.org.br\/wp-content\/uploads\/2025\/08\/PLEBISCITO.jpeg\" alt=\"\" width=\"380\" height=\"462\" \/><\/p>\n<p>Para refor\u00e7ar o n\u00famero de votos, movimentos sociais do pa\u00eds inteiro, incluindo o movimento sindical banc\u00e1rio, representando pela Contraf-CUT, realizar\u00e3o postagens em massa nas redes sociais e em grupos do WhatsApp e Telegram, nesta quinta-feira (28).<\/p>\n<p><strong>&#8220;Essa participa\u00e7\u00e3o popular \u00e9 fundamental, porque os resultados do Plebiscito Popular ser\u00e3o encaminhados aos deputados e senadores, para que as propostas se tornem leis. A quest\u00e3o da isen\u00e7\u00e3o do Imposto de Renda (IR), por exemplo, j\u00e1 tramita no Congresso. Mas n\u00f3s sabemos que a decis\u00e3o dos parlamentares ser\u00e1 favor\u00e1vel \u00e0 n\u00f3s, trabalhadores e trabalhadoras, se conseguirmos ampliar a press\u00e3o popular e, o plebiscito, \u00e9 uma importante ferramenta para isso&#8221;<\/strong>, explica Elaine Cutis, secret\u00e1ria de Pol\u00edticas Sociais da Contraf-CUT.<\/p>\n<p>A Contraf-CUT vem produzindo uma s\u00e9rie de materiais, que incluem pe\u00e7as para as redes (cards e v\u00eddeos), para impresso e para an\u00fancios em \u00e1udio nas ruas (spots). Todos eles podem ser baixados no link:<br \/><a href=\"https:\/\/drive.google.com\/drive\/u\/2\/folders\/1Wef-FNjrM9bLDPeNaHmkzWXnYTNhSNXl\">https:\/\/drive.google.com\/drive\/u\/2\/folders\/1Wef-FNjrM9bLDPeNaHmkzWXnYTNhSNXl<\/p>\n<p><\/a><strong>&#8220;Esses materiais foram produzidos para serem amplamente distribu\u00eddos e compartilhados, n\u00e3o s\u00f3 nesta quinta-feira (28), o &#8216;dia D&#8217; de mobiliza\u00e7\u00e3o nas redes, mas at\u00e9 o final da campanha para angariar votos, em 7 de setembro, quando tamb\u00e9m iremos para as ruas defendendo tanto as pautas do Plebiscito Popular 2025, quanto a soberania do pa\u00eds, junto com as centrais sindicais, Frente Brasil Popular, Frente Povo Sem Medo e Grito dos Exclu\u00eddos&#8221;<\/strong>, conclui Elaine Cutis.<\/p>\n<p><em>Fonte: Contraf-CUT<\/em><\/p>\n","protected":false},"excerpt":{"rendered":"<p>Desde o dia 1\u00ba de julho, \u00e9 poss\u00edvel participar do Plebiscito Popular 2025. Neste ano, a popula\u00e7\u00e3o \u00e9 chamada a responder &#8220;sim&#8221; ou &#8220;n\u00e3o&#8221; para duas perguntas: &#8211; Voc\u00ea \u00e9 a favor da redu\u00e7\u00e3o da jornada de trabalho sem redu\u00e7\u00e3o salarial e do fim da escala 6\u00d71?&#8211; Voc\u00ea \u00e9 a favor de que quem ganhe [&hellip;]<\/p>\n","protected":false},"author":2,"featured_media":16699,"comment_status":"","ping_status":"","sticky":false,"template":"","format":"standard","meta":{"footnotes":""},"categories":[3],"tags":[],"class_list":["post-16700","post","type-post","status-publish","format-standard","has-post-thumbnail","hentry","category-noticias"],"_links":{"self":[{"href":"https:\/\/hostnetart.com.br\/baixada\/wp-json\/wp\/v2\/posts\/16700","targetHints":{"allow":["GET"]}}],"collection":[{"href":"https:\/\/hostnetart.com.br\/baixada\/wp-json\/wp\/v2\/posts"}],"about":[{"href":"https:\/\/hostnetart.com.br\/baixada\/wp-json\/wp\/v2\/types\/post"}],"author":[{"embeddable":true,"href":"https:\/\/hostnetart.com.br\/baixada\/wp-json\/wp\/v2\/users\/2"}],"replies":[{"embeddable":true,"href":"https:\/\/hostnetart.com.br\/baixada\/wp-json\/wp\/v2\/comments?post=16700"}],"version-history":[{"count":0,"href":"https:\/\/hostnetart.com.br\/baixada\/wp-json\/wp\/v2\/posts\/16700\/revisions"}],"wp:featuredmedia":[{"embeddable":true,"href":"https:\/\/hostnetart.com.br\/baixada\/wp-json\/wp\/v2\/media\/16699"}],"wp:attachment":[{"href":"https:\/\/hostnetart.com.br\/baixada\/wp-json\/wp\/v2\/media?parent=16700"}],"wp:term":[{"taxonomy":"category","embeddable":true,"href":"https:\/\/hostnetart.com.br\/baixada\/wp-json\/wp\/v2\/categories?post=16700"},{"taxonomy":"post_tag","embeddable":true,"href":"https:\/\/hostnetart.com.br\/baixada\/wp-json\/wp\/v2\/tags?post=16700"}],"curies":[{"name":"wp","href":"https:\/\/api.w.org\/{rel}","templated":true}]}}