{"id":16698,"date":"2025-08-26T16:52:09","date_gmt":"2025-08-26T19:52:09","guid":{"rendered":"https:\/\/hostnetart.com.br\/baixada\/bb-confirma-pagamento-da-plr-para-12-de-setembro\/"},"modified":"2025-08-26T16:52:09","modified_gmt":"2025-08-26T19:52:09","slug":"bb-confirma-pagamento-da-plr-para-12-de-setembro","status":"publish","type":"post","link":"https:\/\/hostnetart.com.br\/baixada\/bb-confirma-pagamento-da-plr-para-12-de-setembro\/","title":{"rendered":"BB confirma pagamento da PLR para 12 de setembro"},"content":{"rendered":"<div class=\"news-details__main-text visible\">\n<p>A dire\u00e7\u00e3o do Banco do Brasil confirmou que realizar\u00e1 o pagamento da Participa\u00e7\u00e3o nos Lucros e Resultados (PLR) no pr\u00f3ximo dia 12 de setembro de 2025, uma sexta-feira. A data foi anunciada oficialmente pelo banco no mesmo dia da divulga\u00e7\u00e3o do balan\u00e7o do primeiro semestre e agora est\u00e1 confirmada.<\/p>\n<p>A coordenadora da Comiss\u00e3o de Empresa dos Funcion\u00e1rios do Banco do Brasil (CEBB), Fernanda Lopes, destacou a import\u00e2ncia da informa\u00e7\u00e3o oficial diante das not\u00edcias falsas que circularam entre os trabalhadores. \u201cEssa onda de fake news afeta at\u00e9 os funcion\u00e1rios. Chegou a circular a mentira de que o banco n\u00e3o pagaria a PLR, mas desde o dia da divulga\u00e7\u00e3o do resultado o BB j\u00e1 havia confirmado a data. N\u00f3s verificamos e o pagamento ser\u00e1 feito no dia 12\u201d, refor\u00e7ou.<\/p>\n<p>No Banco do Brasil, o c\u00e1lculo da PLR \u00e9 feito a partir de dois m\u00f3dulos: Fenaban e BB. Pelo m\u00f3dulo Fenaban, os funcion\u00e1rios recebem 45% do sal\u00e1rio paradigma estipulado no acordo, acrescido de uma parcela fixa.<\/p>\n<p>J\u00e1 no m\u00f3dulo BB, ocorre a distribui\u00e7\u00e3o linear de 4% do lucro do banco entre os trabalhadores, al\u00e9m de uma parcela vari\u00e1vel.<\/p>\n<h2>Tributa\u00e7\u00e3o e isen\u00e7\u00e3o<\/h2>\n<p>Na parcela da PLR a ser paga em setembro, poder\u00e1 ocorrer um novo desconto de Imposto de Renda (IR) na fonte. O c\u00e1lculo considera o valor total recebido no ano, somando as duas parcelas.\u00a0<\/p>\n<p>Desde 2013, a PLR possui uma tabela de tributa\u00e7\u00e3o exclusiva, que garante uma faixa de isen\u00e7\u00e3o maior do que a aplicada sobre os sal\u00e1rios. Em 2023, o governo federal ampliou a isen\u00e7\u00e3o de R$ 6.677,55 para R$ 7.407,11.<\/p>\n<\/div>\n<p><strong>Fonte: Contraf-CUT<\/strong><\/p>\n","protected":false},"excerpt":{"rendered":"<p>A dire\u00e7\u00e3o do Banco do Brasil confirmou que realizar\u00e1 o pagamento da Participa\u00e7\u00e3o nos Lucros e Resultados (PLR) no pr\u00f3ximo dia 12 de setembro de 2025, uma sexta-feira. A data foi anunciada oficialmente pelo banco no mesmo dia da divulga\u00e7\u00e3o do balan\u00e7o do primeiro semestre e agora est\u00e1 confirmada. A coordenadora da Comiss\u00e3o de Empresa [&hellip;]<\/p>\n","protected":false},"author":2,"featured_media":16697,"comment_status":"","ping_status":"","sticky":false,"template":"","format":"standard","meta":{"footnotes":""},"categories":[3],"tags":[],"class_list":["post-16698","post","type-post","status-publish","format-standard","has-post-thumbnail","hentry","category-noticias"],"_links":{"self":[{"href":"https:\/\/hostnetart.com.br\/baixada\/wp-json\/wp\/v2\/posts\/16698","targetHints":{"allow":["GET"]}}],"collection":[{"href":"https:\/\/hostnetart.com.br\/baixada\/wp-json\/wp\/v2\/posts"}],"about":[{"href":"https:\/\/hostnetart.com.br\/baixada\/wp-json\/wp\/v2\/types\/post"}],"author":[{"embeddable":true,"href":"https:\/\/hostnetart.com.br\/baixada\/wp-json\/wp\/v2\/users\/2"}],"replies":[{"embeddable":true,"href":"https:\/\/hostnetart.com.br\/baixada\/wp-json\/wp\/v2\/comments?post=16698"}],"version-history":[{"count":0,"href":"https:\/\/hostnetart.com.br\/baixada\/wp-json\/wp\/v2\/posts\/16698\/revisions"}],"wp:featuredmedia":[{"embeddable":true,"href":"https:\/\/hostnetart.com.br\/baixada\/wp-json\/wp\/v2\/media\/16697"}],"wp:attachment":[{"href":"https:\/\/hostnetart.com.br\/baixada\/wp-json\/wp\/v2\/media?parent=16698"}],"wp:term":[{"taxonomy":"category","embeddable":true,"href":"https:\/\/hostnetart.com.br\/baixada\/wp-json\/wp\/v2\/categories?post=16698"},{"taxonomy":"post_tag","embeddable":true,"href":"https:\/\/hostnetart.com.br\/baixada\/wp-json\/wp\/v2\/tags?post=16698"}],"curies":[{"name":"wp","href":"https:\/\/api.w.org\/{rel}","templated":true}]}}