{"id":16694,"date":"2025-08-26T14:37:20","date_gmt":"2025-08-26T17:37:20","guid":{"rendered":"https:\/\/hostnetart.com.br\/baixada\/edital-de-convocacao-assembleia-extraordinaria-especifica-bradesco\/"},"modified":"2025-08-26T14:37:20","modified_gmt":"2025-08-26T17:37:20","slug":"edital-de-convocacao-assembleia-extraordinaria-especifica-bradesco","status":"publish","type":"post","link":"https:\/\/hostnetart.com.br\/baixada\/edital-de-convocacao-assembleia-extraordinaria-especifica-bradesco\/","title":{"rendered":"EDITAL DE CONVOCA\u00c7\u00c3O ASSEMBLEIA EXTRAORDIN\u00c1RIA ESPEC\u00cdFICA &#8211; BRADESCO"},"content":{"rendered":"<\/p>\n","protected":false},"excerpt":{"rendered":"","protected":false},"author":1,"featured_media":16693,"comment_status":"","ping_status":"","sticky":false,"template":"","format":"standard","meta":{"footnotes":""},"categories":[7],"tags":[],"class_list":["post-16694","post","type-post","status-publish","format-standard","has-post-thumbnail","hentry","category-edital"],"_links":{"self":[{"href":"https:\/\/hostnetart.com.br\/baixada\/wp-json\/wp\/v2\/posts\/16694","targetHints":{"allow":["GET"]}}],"collection":[{"href":"https:\/\/hostnetart.com.br\/baixada\/wp-json\/wp\/v2\/posts"}],"about":[{"href":"https:\/\/hostnetart.com.br\/baixada\/wp-json\/wp\/v2\/types\/post"}],"author":[{"embeddable":true,"href":"https:\/\/hostnetart.com.br\/baixada\/wp-json\/wp\/v2\/users\/1"}],"replies":[{"embeddable":true,"href":"https:\/\/hostnetart.com.br\/baixada\/wp-json\/wp\/v2\/comments?post=16694"}],"version-history":[{"count":0,"href":"https:\/\/hostnetart.com.br\/baixada\/wp-json\/wp\/v2\/posts\/16694\/revisions"}],"wp:featuredmedia":[{"embeddable":true,"href":"https:\/\/hostnetart.com.br\/baixada\/wp-json\/wp\/v2\/media\/16693"}],"wp:attachment":[{"href":"https:\/\/hostnetart.com.br\/baixada\/wp-json\/wp\/v2\/media?parent=16694"}],"wp:term":[{"taxonomy":"category","embeddable":true,"href":"https:\/\/hostnetart.com.br\/baixada\/wp-json\/wp\/v2\/categories?post=16694"},{"taxonomy":"post_tag","embeddable":true,"href":"https:\/\/hostnetart.com.br\/baixada\/wp-json\/wp\/v2\/tags?post=16694"}],"curies":[{"name":"wp","href":"https:\/\/api.w.org\/{rel}","templated":true}]}}