{"id":16692,"date":"2025-08-26T14:03:28","date_gmt":"2025-08-26T17:03:28","guid":{"rendered":"https:\/\/hostnetart.com.br\/baixada\/assembleia-dos-funcionarios-do-bradesco-acontece-na-sexta-feira-29-8\/"},"modified":"2025-08-26T14:03:28","modified_gmt":"2025-08-26T17:03:28","slug":"assembleia-dos-funcionarios-do-bradesco-acontece-na-sexta-feira-29-8","status":"publish","type":"post","link":"https:\/\/hostnetart.com.br\/baixada\/assembleia-dos-funcionarios-do-bradesco-acontece-na-sexta-feira-29-8\/","title":{"rendered":"Assembleia dos funcion\u00e1rios do Bradesco acontece na sexta-feira (29\/8)"},"content":{"rendered":"<div class=\"itemFullText\">\n<p>Empregadas e empregados do Banco Bradesco, da base do Sindicato dos Banc\u00e1rios da Baixada Fluminense e de todo o pa\u00eds,\u00a0especificamente das ag\u00eancias Varejo, Prime e Empresas, das Plataformas Digitais Varejo\/ Prime, bem como das ag\u00eancias e escrit\u00f3rios comerciais do Segmento Principal, da estrutura comercial do Bradesco Expresso e aos empregados com o cargo de Gerente Executivo Comercial e Gerente de Atendimento e Opera\u00e7\u00f5es, s\u00f3cios e n\u00e3o s\u00f3cios, e do BANCO BRADESCO FINANCIAMENTOS S.A., especificamente os empregados que atuam na \u00e1rea Comercial, s\u00f3cios e n\u00e3o s\u00f3cios,\u00a0participar\u00e3o de assembleia remota, para deliberar sobre a proposta de Acordo Coletivo de Trabalho que tem por objeto pactuar, reconhecer e validar o Programa de Participa\u00e7\u00e3o nos Resultados, doravante denominado PPR e o Programa de Resultado Bradesco, doravante denominado PRB, referentes ao exerc\u00edcio de 2025, que, inclusive, trata da autoriza\u00e7\u00e3o do desconto a ser efetuado em fun\u00e7\u00e3o da negocia\u00e7\u00e3o coletiva, a ser celebrado com o BANCO BRADESCO S\/A. e o BANCO BRADESCO FINANCIAMENTOS S.A.<\/p>\n<p>A assembleia ocorre na sexta-feira, 29 de agosto, das 8 horas \u00e0s 20 horas.<\/p>\n<p><b>PARA VOTAR<\/b><\/p>\n<p>Para votar e participar, basta acessar o link de vota\u00e7\u00e3o: <a href=\"https:\/\/bancarios.votabem.com.br\/\">https:\/\/bancarios.votabem.com.br\/<\/a><\/p>\n<p>O link estar\u00e1, tamb\u00e9m, dispon\u00edvel em nosso site (<a href=\"http:\/\/www.bancariosbaixada.org.br\">http:\/\/www.bancariosbaixada.org.br<\/a>)<\/p>\n<\/div>\n<p>\u00a0<\/p>\n<p>\u00a0<\/p>\n","protected":false},"excerpt":{"rendered":"<p>Empregadas e empregados do Banco Bradesco, da base do Sindicato dos Banc\u00e1rios da Baixada Fluminense e de todo o pa\u00eds,\u00a0especificamente das ag\u00eancias Varejo, Prime e Empresas, das Plataformas Digitais Varejo\/ Prime, bem como das ag\u00eancias e escrit\u00f3rios comerciais do Segmento Principal, da estrutura comercial do Bradesco Expresso e aos empregados com o cargo de Gerente [&hellip;]<\/p>\n","protected":false},"author":2,"featured_media":16691,"comment_status":"","ping_status":"","sticky":false,"template":"","format":"standard","meta":{"footnotes":""},"categories":[3],"tags":[],"class_list":["post-16692","post","type-post","status-publish","format-standard","has-post-thumbnail","hentry","category-noticias"],"_links":{"self":[{"href":"https:\/\/hostnetart.com.br\/baixada\/wp-json\/wp\/v2\/posts\/16692","targetHints":{"allow":["GET"]}}],"collection":[{"href":"https:\/\/hostnetart.com.br\/baixada\/wp-json\/wp\/v2\/posts"}],"about":[{"href":"https:\/\/hostnetart.com.br\/baixada\/wp-json\/wp\/v2\/types\/post"}],"author":[{"embeddable":true,"href":"https:\/\/hostnetart.com.br\/baixada\/wp-json\/wp\/v2\/users\/2"}],"replies":[{"embeddable":true,"href":"https:\/\/hostnetart.com.br\/baixada\/wp-json\/wp\/v2\/comments?post=16692"}],"version-history":[{"count":0,"href":"https:\/\/hostnetart.com.br\/baixada\/wp-json\/wp\/v2\/posts\/16692\/revisions"}],"wp:featuredmedia":[{"embeddable":true,"href":"https:\/\/hostnetart.com.br\/baixada\/wp-json\/wp\/v2\/media\/16691"}],"wp:attachment":[{"href":"https:\/\/hostnetart.com.br\/baixada\/wp-json\/wp\/v2\/media?parent=16692"}],"wp:term":[{"taxonomy":"category","embeddable":true,"href":"https:\/\/hostnetart.com.br\/baixada\/wp-json\/wp\/v2\/categories?post=16692"},{"taxonomy":"post_tag","embeddable":true,"href":"https:\/\/hostnetart.com.br\/baixada\/wp-json\/wp\/v2\/tags?post=16692"}],"curies":[{"name":"wp","href":"https:\/\/api.w.org\/{rel}","templated":true}]}}