{"id":16684,"date":"2025-08-23T02:33:12","date_gmt":"2025-08-23T05:33:12","guid":{"rendered":"https:\/\/hostnetart.com.br\/baixada\/40-conecef-aprova-resolucoes-das-empregadas-e-empregados\/"},"modified":"2025-08-23T02:33:12","modified_gmt":"2025-08-23T05:33:12","slug":"40-conecef-aprova-resolucoes-das-empregadas-e-empregados","status":"publish","type":"post","link":"https:\/\/hostnetart.com.br\/baixada\/40-conecef-aprova-resolucoes-das-empregadas-e-empregados\/","title":{"rendered":"40\u00ba Conecef aprova resolu\u00e7\u00f5es das empregadas e empregados"},"content":{"rendered":"<\/p>\n<p>As 273 delegadas e delegados representantes das empregadas e empregados da Caixa Econ\u00f4mica Federal de todo o pa\u00eds, aprovaram as resolu\u00e7\u00f5es do 40\u00ba Congresso Nacional das Empregadas e Empregados da Caixa Econ\u00f4mica Federal. Entre os principais pontos aprovados est\u00e3o o reajuste zero nas mensalidades do Sa\u00fade Caixa, com o fim do teto de gastos do banco com a sa\u00fade de seus empregados; defesa da Caixa e dos empregados; melhorias nos sistemas e nas condi\u00e7\u00f5es de sa\u00fade e trabalho; respeito \u00e0s quest\u00f5es t\u00e9cnicas para a defini\u00e7\u00e3o das metas atuariais dos planos e adequa\u00e7\u00e3o dos equacionamentos, considerando as redu\u00e7\u00f5es desnecess\u00e1rias ou indevidas e o contencioso da Funcef.<\/p>\n<p>Pela Federa\u00e7\u00e3o dos Trabalhadores do Ramo Financeiro dos Estados do Rio de Janeiro e Esp\u00edrito Santo (<strong>Fetraf RJ\/ES<\/strong>), participaram os diretores <strong>Fernando Correa e Rita Lima.<\/strong><\/p>\n<p>\u201cConseguimos debater os principais pontos que est\u00e3o em quest\u00e3o no dia a dia das empregadas e empregados que est\u00e3o nas ag\u00eancias e departamentos da Caixa. Outro ponto aprovado foi o apoio a candidatos nas elei\u00e7\u00f5es de 2026, de candidatos que se comprometem com as causas dos trabalhadores e a defesa das empresas p\u00fablicas\u201d, disse o coordenador da Comiss\u00e3o Executiva dos Empregados (CEE), Felipe Pacheco. \u201cSa\u00edmos daqui fortalecidos e prontos para defendermos os direitos das empregadas e empregados e lutarmos por novos avan\u00e7os\u201d, concluiu.<\/p>\n<h2><strong>Mo\u00e7\u00f5es<\/strong><\/h2>\n<p>Tamb\u00e9m foram aprovadas quatro mo\u00e7\u00f5es:<br \/>\u2022\u00a0\u00a0 \u00a0Em desagravo pela demiss\u00e3o do professor Jo\u00e3o Paulo Cabrera, da rede estadual do Rio de Janeiro;<br \/>\u2022\u00a0\u00a0 \u00a0Em solidariedade ao historiador Jorge Manuel, que recebeu amea\u00e7as de grupos neonazistas;<br \/>\u2022\u00a0\u00a0 \u00a0De apoio ao companheiro Flaviano Correia Cardoso, banc\u00e1rio da Caixa no Cear\u00e1, v\u00edtima de pr\u00e1ticas reiteradas de ass\u00e9dio moral e organizacional e adoecimento ocupacional.<br \/>\u2022\u00a0\u00a0 \u00a0De desagravo \u00e0 Caixa, contra o fechamento de unidades, diante do impacto social e econ\u00f4mica que a medida representa.<\/p>\n<p><img fetchpriority=\"high\" decoding=\"async\" class=\"alignnone size-full wp-image-28188\" src=\"https:\/\/fetrafrjes.org.br\/wp-content\/uploads\/2025\/08\/IMG_4073.jpeg\" sizes=\"(max-width: 1206px) 100vw, 1206px\" srcset=\"https:\/\/fetrafrjes.org.br\/wp-content\/uploads\/2025\/08\/IMG_4073.jpeg 1206w, https:\/\/fetrafrjes.org.br\/wp-content\/uploads\/2025\/08\/IMG_4073-436x600.jpeg 436w, https:\/\/fetrafrjes.org.br\/wp-content\/uploads\/2025\/08\/IMG_4073-744x1024.jpeg 744w, https:\/\/fetrafrjes.org.br\/wp-content\/uploads\/2025\/08\/IMG_4073-768x1056.jpeg 768w, https:\/\/fetrafrjes.org.br\/wp-content\/uploads\/2025\/08\/IMG_4073-1117x1536.jpeg 1117w, https:\/\/fetrafrjes.org.br\/wp-content\/uploads\/2025\/08\/IMG_4073-1200x1651.jpeg 1200w\" alt=\"\" width=\"1206\" height=\"1659\" \/><\/p>\n<p>\u00a0<\/p>\n","protected":false},"excerpt":{"rendered":"<p>As 273 delegadas e delegados representantes das empregadas e empregados da Caixa Econ\u00f4mica Federal de todo o pa\u00eds, aprovaram as resolu\u00e7\u00f5es do 40\u00ba Congresso Nacional das Empregadas e Empregados da Caixa Econ\u00f4mica Federal. Entre os principais pontos aprovados est\u00e3o o reajuste zero nas mensalidades do Sa\u00fade Caixa, com o fim do teto de gastos do [&hellip;]<\/p>\n","protected":false},"author":2,"featured_media":16683,"comment_status":"","ping_status":"","sticky":false,"template":"","format":"standard","meta":{"footnotes":""},"categories":[3],"tags":[],"class_list":["post-16684","post","type-post","status-publish","format-standard","has-post-thumbnail","hentry","category-noticias"],"_links":{"self":[{"href":"https:\/\/hostnetart.com.br\/baixada\/wp-json\/wp\/v2\/posts\/16684","targetHints":{"allow":["GET"]}}],"collection":[{"href":"https:\/\/hostnetart.com.br\/baixada\/wp-json\/wp\/v2\/posts"}],"about":[{"href":"https:\/\/hostnetart.com.br\/baixada\/wp-json\/wp\/v2\/types\/post"}],"author":[{"embeddable":true,"href":"https:\/\/hostnetart.com.br\/baixada\/wp-json\/wp\/v2\/users\/2"}],"replies":[{"embeddable":true,"href":"https:\/\/hostnetart.com.br\/baixada\/wp-json\/wp\/v2\/comments?post=16684"}],"version-history":[{"count":0,"href":"https:\/\/hostnetart.com.br\/baixada\/wp-json\/wp\/v2\/posts\/16684\/revisions"}],"wp:featuredmedia":[{"embeddable":true,"href":"https:\/\/hostnetart.com.br\/baixada\/wp-json\/wp\/v2\/media\/16683"}],"wp:attachment":[{"href":"https:\/\/hostnetart.com.br\/baixada\/wp-json\/wp\/v2\/media?parent=16684"}],"wp:term":[{"taxonomy":"category","embeddable":true,"href":"https:\/\/hostnetart.com.br\/baixada\/wp-json\/wp\/v2\/categories?post=16684"},{"taxonomy":"post_tag","embeddable":true,"href":"https:\/\/hostnetart.com.br\/baixada\/wp-json\/wp\/v2\/tags?post=16684"}],"curies":[{"name":"wp","href":"https:\/\/api.w.org\/{rel}","templated":true}]}}