{"id":16682,"date":"2025-08-23T02:32:17","date_gmt":"2025-08-23T05:32:17","guid":{"rendered":"https:\/\/hostnetart.com.br\/baixada\/trabalhadores-do-bb-definem-eixos-de-luta-pela-defesa-do-banco-publico-da-cassi-e-da-previ\/"},"modified":"2025-08-23T02:32:17","modified_gmt":"2025-08-23T05:32:17","slug":"trabalhadores-do-bb-definem-eixos-de-luta-pela-defesa-do-banco-publico-da-cassi-e-da-previ","status":"publish","type":"post","link":"https:\/\/hostnetart.com.br\/baixada\/trabalhadores-do-bb-definem-eixos-de-luta-pela-defesa-do-banco-publico-da-cassi-e-da-previ\/","title":{"rendered":"Trabalhadores do BB definem eixos de luta pela defesa do banco p\u00fablico, da Cassi e da Previ"},"content":{"rendered":"<\/p>\n<p>Ao longo de toda esta sexta-feira (22), representantes sindicais das trabalhadoras e dos trabalhadores do Banco do Brasil participaram do 35\u00ba Congresso Nacional dos Funcion\u00e1rios do Banco do Brasil (35\u00ba CNFBB), na capital de S\u00e3o Paulo.<\/p>\n<p>Pela Federa\u00e7\u00e3o dos Trabalhadores do Ramo Financeiro dos Estados do Rio de Janeiro e Esp\u00edrito Santo (<strong>Fetraf RJ\/ES<\/strong>), participaram os diretores <strong>Danilo\u00a0Funke, Fl\u00e1vio Pereira, Bethania Emerick, Gl\u00f3ria Dias, Igor Chagas, Fernando Tonielo <\/strong>e<strong> Giovana Pinto.<\/strong><\/p>\n<p>\u201c<em>Fui contempor\u00e2neo de Direito na mesma faculdade do foragido que est\u00e1 agora nos Estados Unidos [Eduardo Bolsonaro], que chegou a dizer que o Banco do Brasil pode falir a depender das for\u00e7as dele. S\u00f3 no BB somos 87 mil trabalhadoras e trabalhadores, al\u00e9m de tantos outros nos demais bancos p\u00fablicos. Precisamos ser agentes politizadores, disputar a consci\u00eancia dos colegas e fortalecer a luta de classe. \u00c9 fundamental que este congresso resulte em propostas efetivas para cobrar dos bancos p\u00fablicos a valoriza\u00e7\u00e3o e a garantia de sa\u00fade dos trabalhadores. Que daqui saiam solu\u00e7\u00f5es concretas para manter empregos e fazer pol\u00edtica para que o Brasil siga no caminho certo\u201d, <\/em>comentou Danilo Funke.<\/p>\n<p>Para Bethania Emerick, \u201co <em>35\u00b0 CNFBB foi um espa\u00e7o onde pudemos relembrar a relev\u00e2ncia de institui\u00e7\u00f5es como a CASSI e a Previ, e onde pudemos debater a defesa da Governan\u00e7a da Previ e as negocia\u00e7\u00f5es do custeio da CASSI. Al\u00e9m disso, foi un\u00e2nime e reafirmado em muitas falas a import\u00e2ncia do Banco do Brasil como patrim\u00f4nio p\u00fablico, forte, a servi\u00e7o da sociedade , fortalecendo o Brasil, sempre<\/em>.\u201d<\/p>\n<p>E completou. \u201c<em>A leitura e o referendo do manifesto Toler\u00e2ncia zero para casos de viol\u00eancia e ass\u00e9dio (veja a \u00edntegra abaixo), assinado pela Contraf-CUT, pelo Comando Nacional dos Banc\u00e1rios, federa\u00e7\u00f5es e sindicatos dos banc\u00e1rios, foram de extrema import\u00e2ncia nesse dia considerando o momento de retrocesso em nossa sociedade com rela\u00e7\u00e3o \u00e0 viol\u00eancia contra mulheres e crian\u00e7as<\/em>.\u201d<\/p>\n<p>Sobre os eixos de luta, Fernanda Lopes, coordenadora da Comiss\u00e3o de Empresa dos Funcion\u00e1rios do BB (CEBB), ressaltou que foram constru\u00eddos com base nas contribui\u00e7\u00f5es que chegaram das federa\u00e7\u00f5es. \u201cFoi um dia muito importante, no qual abordamos temas fundamentais, como a quest\u00e3o da Soberania Nacional, na aula realizada pelo convidado Jess\u00e9 Souza (soci\u00f3logo e professor). Tamb\u00e9m tivemos, da economista do Dieese Ros\u00e2ngela Vieira, uma avalia\u00e7\u00e3o sobre a import\u00e2ncia do BB para o desenvolvimento do pa\u00eds. Na parte da tarde, nos debru\u00e7amos sobre as quest\u00f5es pertinentes \u00e0 Previ e \u00e0 Cassi. E conclu\u00edmos o evento com a aprova\u00e7\u00e3o de pontos de lutas, relacionados \u00e0 defesa do Banco do Brasil como banco p\u00fablico, voltado ao desenvolvimento do pa\u00eds, e \u00e0 sustentabilidade e perenidade da Cassi e da Previ<strong>\u201c<\/strong>, resumiu.<\/p>\n<p>A seguir, os eixos aprovados:<\/p>\n<p>1 \u2013 Defesa da fun\u00e7\u00e3o p\u00fablica do Banco do Brasil, essencialmente quanto ao desenvolvimento econ\u00f4mico e social, da agroecologia e da agricultura familiar;<br \/>2 \u2013 Expans\u00e3o do PRONAF, volta do DRS (Desenvolvimento Regional Sustent\u00e1vel) e maior apoio \u00e0 agricultura familiar;<br \/>3 \u2013 Abertura de ag\u00eancias em munic\u00edpios desbancarizados;<br \/>4 \u2013 Novo concurso (cumprindo efetivamente a cota de PCDs);<br \/>5 \u2013 Fim das terceiriza\u00e7\u00f5es;<br \/>6 \u2013 Distribui\u00e7\u00e3o de dividendos em propor\u00e7\u00e3o que garanta investimentos no setor produtivo, assegurando o desenvolvimento econ\u00f4mico e social do Brasil;<br \/>7 \u2013 Revis\u00e3o dos processos de financiamento ao agro, aprofundando o cuidado para garantir a produ\u00e7\u00e3o sustent\u00e1vel tanto com vi\u00e9s ambiental, como o retorno para a garantia de alimentos para o Brasil;<br \/>8 \u2013 Amplia\u00e7\u00e3o do atendimento \u00e0 popula\u00e7\u00e3o nas ag\u00eancias com maior movimento em regi\u00f5es carentes e\/ou perif\u00e9ricas;<br \/>9 \u2013 Amplia\u00e7\u00e3o de postos de trabalho, garantindo o atendimento de caixa e preenchimento de claros;<br \/>10 \u2013 Que o banco se responsabilize para que efetivamente n\u00e3o aconte\u00e7a desvios \u00e9ticos para cumprimento de metas;<br \/>11 \u2013 Fim do ass\u00e9dio moral e metas abusivas;<br \/>12 \u2013 Previd\u00eancia: defesa da governan\u00e7a da PREVI e do modelo de gest\u00e3o parit\u00e1ria pelos funcion\u00e1rios do banco; o papel dos \u00f3rg\u00e3os controladores\/reguladores. Planos e aspectos dos perfis de investimentos;<br \/>13 \u2013 Os funcion\u00e1rios do Banco do Brasil devem seguir na defesa intransigente da Previ, cujo modelo de governan\u00e7a prev\u00ea a gest\u00e3o compartilhada entre a empresa patrocinadora, por sua indica\u00e7\u00e3o com a representa\u00e7\u00e3o dos funcion\u00e1rios, por meio democr\u00e1tico de elei\u00e7\u00e3o participativa, o que garante a perman\u00eancia da robustez da sua governan\u00e7a impedindo interfer\u00eancia externas, seja do mercado ou de governos, com respeito inequ\u00edvoco aos \u00f3rg\u00e3os controladores e reguladores competentes;<br \/>14 \u2013 A Previ deve ser para todos, com tratamento ison\u00f4mico aos egressos de bancos incorporados, com direito \u00e0 ades\u00e3o ao plano PREVI Futuro e seus benef\u00edcios;<br \/>15 \u2013 Sa\u00fade: modelo de custeio e sustentabilidade do plano de associados da Cassi; Adoecimento e sa\u00fade mental;<br \/>16 \u2013 Os funcion\u00e1rios do Banco do Brasil devem seguir na defesa intransigente da Cassi, objetivando o fortalecimento da caixa de assist\u00eancia, em modelo de autogest\u00e3o e patroc\u00ednio do empregador;<br \/>17 \u2013 A forma de custeio n\u00e3o pode se basear t\u00e3o somente na folha de pagamento, sendo necess\u00e1ria a busca de outras fontes de receitas oriundas do patrocinador. Com as premissas de aumento da contribui\u00e7\u00e3o patronal para 70% (setenta por cento), sem aumento na contribui\u00e7\u00e3o do associado;<br \/>18 \u2013 A Cassi \u00e9 para todos e deve ser garantida a isonomia de tratamento para os egressos dos bancos incorporados e funcion\u00e1rios que ingressaram no Banco ap\u00f3s a reforma estatut\u00e1ria de 2018;<br \/>19 \u2013 \u00c9 de fundamental import\u00e2ncia que o banco informe precisamente os dados do EPS (exame peri\u00f3dico de sa\u00fade) e do adoecimento profissional;<br \/>20 \u2013 Necess\u00e1rio incluir a cirurgia de afirma\u00e7\u00e3o de g\u00eanero\/redesigna\u00e7\u00e3o sexual no rol de procedimentos da Cassi, custeadas pelo banco, com apoio das institui\u00e7\u00f5es no acolhimento de pessoas trans;<br \/>21 \u2013 Fortalecer e ampliar as CliniCassi e a rede credenciada;<br \/>22 \u2013 O banco deve, ainda, cumprir de imediato as diretrizes da NR1;<br \/>23 \u2013 Campanhas: Em Defesa do Banco do Brasil; Menos Metas Mais Sa\u00fade; Contra o Ass\u00e9dio Moral; Dias de Luta em todas as datas de negocia\u00e7\u00e3o sobre a Cassi.<\/p>\n<p>Tamb\u00e9m foram aprovadas mo\u00e7\u00f5es sobre a defesa do BB e de sua fun\u00e7\u00e3o p\u00fablica, sustent\u00e1vel e inclusiva; rep\u00fadio aos ataques de Trump contra a soberania nacional; transpar\u00eancia na destina\u00e7\u00e3o de verbas parlamentares; contra o genoc\u00eddio praticado por Israel contra os palestinos; em defesa do deputado Renato Freitas; e contra as amea\u00e7as de grupos de extrema-direita a Jones Manoel.<\/p>\n<p><img fetchpriority=\"high\" decoding=\"async\" class=\"alignnone size-full wp-image-28174\" src=\"https:\/\/fetrafrjes.org.br\/wp-content\/uploads\/2025\/08\/b7f72185-4d32-4ae8-9c9a-b41b53f404c9.jpeg\" sizes=\"(max-width: 1600px) 100vw, 1600px\" srcset=\"https:\/\/fetrafrjes.org.br\/wp-content\/uploads\/2025\/08\/b7f72185-4d32-4ae8-9c9a-b41b53f404c9.jpeg 1600w, https:\/\/fetrafrjes.org.br\/wp-content\/uploads\/2025\/08\/b7f72185-4d32-4ae8-9c9a-b41b53f404c9-600x280.jpeg 600w, https:\/\/fetrafrjes.org.br\/wp-content\/uploads\/2025\/08\/b7f72185-4d32-4ae8-9c9a-b41b53f404c9-1024x478.jpeg 1024w, https:\/\/fetrafrjes.org.br\/wp-content\/uploads\/2025\/08\/b7f72185-4d32-4ae8-9c9a-b41b53f404c9-768x359.jpeg 768w, https:\/\/fetrafrjes.org.br\/wp-content\/uploads\/2025\/08\/b7f72185-4d32-4ae8-9c9a-b41b53f404c9-1536x717.jpeg 1536w, https:\/\/fetrafrjes.org.br\/wp-content\/uploads\/2025\/08\/b7f72185-4d32-4ae8-9c9a-b41b53f404c9-1200x560.jpeg 1200w\" alt=\"\" width=\"1600\" height=\"747\" \/><\/p>\n<p><img decoding=\"async\" class=\"alignnone size-full wp-image-28161\" src=\"https:\/\/fetrafrjes.org.br\/wp-content\/uploads\/2025\/08\/IMG_4061.jpeg\" sizes=\"(max-width: 1206px) 100vw, 1206px\" srcset=\"https:\/\/fetrafrjes.org.br\/wp-content\/uploads\/2025\/08\/IMG_4061.jpeg 1206w, https:\/\/fetrafrjes.org.br\/wp-content\/uploads\/2025\/08\/IMG_4061-578x600.jpeg 578w, https:\/\/fetrafrjes.org.br\/wp-content\/uploads\/2025\/08\/IMG_4061-986x1024.jpeg 986w, https:\/\/fetrafrjes.org.br\/wp-content\/uploads\/2025\/08\/IMG_4061-768x797.jpeg 768w, https:\/\/fetrafrjes.org.br\/wp-content\/uploads\/2025\/08\/IMG_4061-1200x1246.jpeg 1200w\" alt=\"\" width=\"1206\" height=\"1252\" \/><img decoding=\"async\" class=\"alignnone size-full wp-image-28162\" src=\"https:\/\/fetrafrjes.org.br\/wp-content\/uploads\/2025\/08\/IMG_4060.jpeg\" sizes=\"(max-width: 1206px) 100vw, 1206px\" srcset=\"https:\/\/fetrafrjes.org.br\/wp-content\/uploads\/2025\/08\/IMG_4060.jpeg 1206w, https:\/\/fetrafrjes.org.br\/wp-content\/uploads\/2025\/08\/IMG_4060-446x600.jpeg 446w, https:\/\/fetrafrjes.org.br\/wp-content\/uploads\/2025\/08\/IMG_4060-762x1024.jpeg 762w, https:\/\/fetrafrjes.org.br\/wp-content\/uploads\/2025\/08\/IMG_4060-768x1032.jpeg 768w, https:\/\/fetrafrjes.org.br\/wp-content\/uploads\/2025\/08\/IMG_4060-1143x1536.jpeg 1143w, https:\/\/fetrafrjes.org.br\/wp-content\/uploads\/2025\/08\/IMG_4060-1200x1613.jpeg 1200w\" alt=\"\" width=\"1206\" height=\"1621\" \/><img loading=\"lazy\" decoding=\"async\" class=\"alignnone size-full wp-image-28163\" src=\"https:\/\/fetrafrjes.org.br\/wp-content\/uploads\/2025\/08\/IMG_4063.jpeg\" sizes=\"(max-width: 1206px) 100vw, 1206px\" srcset=\"https:\/\/fetrafrjes.org.br\/wp-content\/uploads\/2025\/08\/IMG_4063.jpeg 1206w, https:\/\/fetrafrjes.org.br\/wp-content\/uploads\/2025\/08\/IMG_4063-600x509.jpeg 600w, https:\/\/fetrafrjes.org.br\/wp-content\/uploads\/2025\/08\/IMG_4063-1024x869.jpeg 1024w, https:\/\/fetrafrjes.org.br\/wp-content\/uploads\/2025\/08\/IMG_4063-768x651.jpeg 768w, https:\/\/fetrafrjes.org.br\/wp-content\/uploads\/2025\/08\/IMG_4063-1200x1018.jpeg 1200w\" alt=\"\" width=\"1206\" height=\"1023\" \/><img loading=\"lazy\" decoding=\"async\" class=\"alignnone size-full wp-image-28164\" src=\"https:\/\/fetrafrjes.org.br\/wp-content\/uploads\/2025\/08\/IMG_4062.jpeg\" sizes=\"(max-width: 1206px) 100vw, 1206px\" srcset=\"https:\/\/fetrafrjes.org.br\/wp-content\/uploads\/2025\/08\/IMG_4062.jpeg 1206w, https:\/\/fetrafrjes.org.br\/wp-content\/uploads\/2025\/08\/IMG_4062-600x273.jpeg 600w, https:\/\/fetrafrjes.org.br\/wp-content\/uploads\/2025\/08\/IMG_4062-1024x466.jpeg 1024w, https:\/\/fetrafrjes.org.br\/wp-content\/uploads\/2025\/08\/IMG_4062-768x350.jpeg 768w, https:\/\/fetrafrjes.org.br\/wp-content\/uploads\/2025\/08\/IMG_4062-1200x546.jpeg 1200w\" alt=\"\" width=\"1206\" height=\"549\" \/><\/p>\n<p>*<em>com informa\u00e7\u00f5es da Contraf-CUT<\/em><\/p>\n","protected":false},"excerpt":{"rendered":"<p>Ao longo de toda esta sexta-feira (22), representantes sindicais das trabalhadoras e dos trabalhadores do Banco do Brasil participaram do 35\u00ba Congresso Nacional dos Funcion\u00e1rios do Banco do Brasil (35\u00ba CNFBB), na capital de S\u00e3o Paulo. Pela Federa\u00e7\u00e3o dos Trabalhadores do Ramo Financeiro dos Estados do Rio de Janeiro e Esp\u00edrito Santo (Fetraf RJ\/ES), participaram [&hellip;]<\/p>\n","protected":false},"author":2,"featured_media":16681,"comment_status":"","ping_status":"","sticky":false,"template":"","format":"standard","meta":{"footnotes":""},"categories":[3],"tags":[],"class_list":["post-16682","post","type-post","status-publish","format-standard","has-post-thumbnail","hentry","category-noticias"],"_links":{"self":[{"href":"https:\/\/hostnetart.com.br\/baixada\/wp-json\/wp\/v2\/posts\/16682","targetHints":{"allow":["GET"]}}],"collection":[{"href":"https:\/\/hostnetart.com.br\/baixada\/wp-json\/wp\/v2\/posts"}],"about":[{"href":"https:\/\/hostnetart.com.br\/baixada\/wp-json\/wp\/v2\/types\/post"}],"author":[{"embeddable":true,"href":"https:\/\/hostnetart.com.br\/baixada\/wp-json\/wp\/v2\/users\/2"}],"replies":[{"embeddable":true,"href":"https:\/\/hostnetart.com.br\/baixada\/wp-json\/wp\/v2\/comments?post=16682"}],"version-history":[{"count":0,"href":"https:\/\/hostnetart.com.br\/baixada\/wp-json\/wp\/v2\/posts\/16682\/revisions"}],"wp:featuredmedia":[{"embeddable":true,"href":"https:\/\/hostnetart.com.br\/baixada\/wp-json\/wp\/v2\/media\/16681"}],"wp:attachment":[{"href":"https:\/\/hostnetart.com.br\/baixada\/wp-json\/wp\/v2\/media?parent=16682"}],"wp:term":[{"taxonomy":"category","embeddable":true,"href":"https:\/\/hostnetart.com.br\/baixada\/wp-json\/wp\/v2\/categories?post=16682"},{"taxonomy":"post_tag","embeddable":true,"href":"https:\/\/hostnetart.com.br\/baixada\/wp-json\/wp\/v2\/tags?post=16682"}],"curies":[{"name":"wp","href":"https:\/\/api.w.org\/{rel}","templated":true}]}}