{"id":1668,"date":"2013-10-30T00:00:00","date_gmt":"2013-10-30T02:00:00","guid":{"rendered":"https:\/\/hostnetart.com.br\/baixada\/greve-dos-bancarios-segura-credito-de-bancos-publicos-em-setembro-diz-bc\/"},"modified":"2013-10-30T00:00:00","modified_gmt":"2013-10-30T02:00:00","slug":"greve-dos-bancarios-segura-credito-de-bancos-publicos-em-setembro-diz-bc","status":"publish","type":"post","link":"https:\/\/hostnetart.com.br\/baixada\/greve-dos-bancarios-segura-credito-de-bancos-publicos-em-setembro-diz-bc\/","title":{"rendered":"Greve dos banc\u00e1rios segura cr\u00e9dito de bancos p\u00fablicos em setembro, diz BC"},"content":{"rendered":"<p><em>Alex Ribeiro e Eduardo Campos<br \/>Valor Econ\u00f4mico<\/em><\/p>\n<p>\u00a0<\/p>\n<p>A greve dos banc\u00e1rios fez o que a pol\u00edtica monet\u00e1ria n\u00e3o tinha conseguido at\u00e9 agora: desacelerar, ainda que temporariamente, a expans\u00e3o do cr\u00e9dito das institui\u00e7\u00f5es financeiras p\u00fablicas. Dados divulgados ontem pelo Banco Central mostram que a carteira de cr\u00e9dito dos bancos oficiais cresceu apenas 0,7% em setembro, menos da metade do ritmo de agosto e menor expans\u00e3o desde janeiro de 2012.<\/p>\n<p>\u00a0<\/p>\n<p>Considerando tamb\u00e9m os bancos privados, o estoque de cr\u00e9dito cresceu 0,8% em setembro, somando R$ 2,598 trilh\u00f5es, mantendo-se est\u00e1vel em 55,5% do Produto Interno Bruto (PIB). A expectativa do Banco Central \u00e9 que, com o fim da greve, as institui\u00e7\u00f5es oficiais \u2013 e tamb\u00e9m as privadas \u2013 recuperem pelo menos parte do terreno perdido. A paralisa\u00e7\u00e3o dos banc\u00e1rios durou 23 dias, entre fins de setembro e meados de outubro.<\/p>\n<p>\u00a0<\/p>\n<p>As carteiras de cr\u00e9dito dos bancos oficiais s\u00f3 passariam a crescer de forma menos intensa em 2014, prev\u00ea o Banco Central, quando se espera que eles implementem a determina\u00e7\u00e3o do ministro da Fazenda, Guido Mantega, de tirar o p\u00e9 do acelerador. \u201cIsso \u00e9 algo que deve ter impacto mais adiante\u201d, disse o chefe do departamento econ\u00f4mico do Banco Central, T\u00falio Maciel.<\/p>\n<p>\u00a0<\/p>\n<p>O forte crescimento da carteira de cr\u00e9dito dos bancos p\u00fablicos, num ritmo que chega a 26,5% nos 12 meses encerrados em setembro, vem sendo alvo de cr\u00edticas de analista privados, para quem esse avan\u00e7o representa um risco fiscal e um estorvo ao trabalho do Banco Central de esfriar a economia para conter a infla\u00e7\u00e3o.<\/p>\n<p>\u00a0<\/p>\n<p>Nos dados do BC, um dos destaques \u00e9 o crescimento de 0,7% em setembro no capital de giro, que grosso modo responde por metade do cr\u00e9dito a empresas e tem uma din\u00e2mica muito vinculada ao crescimento da economia. \u201cS\u00e3o as empresas se preparando para atender a demanda de fim de ano\u201d, disse.<\/p>\n<p>\u00a0<\/p>\n<p>Os bancos p\u00fablicos foram particularmente mais afetados pela greve porque eles trabalham mais com cr\u00e9dito direcionado, como o financiamento imobili\u00e1rio, que geralmente depende de apoio das ag\u00eancias para fechar as opera\u00e7\u00f5es. O cr\u00e9dito direcionado, que vinha liderando o atual ciclo de cr\u00e9dito, cresceu apenas 0,6% em setembro, abaixo dos 2,3% observados no m\u00eas imediatamente anterior. A taxa de expans\u00e3o do cr\u00e9dito imobili\u00e1rio desacelerou de 2,7% para 1,4% entre agosto e setembro.<\/p>\n<p>\u00a0<\/p>\n<p>Al\u00e9m da greve, explicou Maciel, o crescimento mais fraco do cr\u00e9dito direcionado tamb\u00e9m reflete as varia\u00e7\u00f5es da taxa de c\u00e2mbio sobre a carteira do Banco Nacional de Desenvolvimento Econ\u00f4mico e Social (BNDES). A desvaloriza\u00e7\u00e3o do d\u00f3lar no m\u00eas afeta o valor em reais de cr\u00e9ditos referenciados em moeda estrangeira. Olhando apenas o BNDES, o estoque caiu 1% no m\u00eas.<\/p>\n<p>\u00a0<\/p>\n<p>O cr\u00e9dito rural, por\u00e9m, ficou relativamente preservado, com um forte avan\u00e7o de 3,7%. Maciel disse que as contrata\u00e7\u00f5es de opera\u00e7\u00f5es tiveram maior normalidade no interior do pa\u00eds, j\u00e1 que a greve afetou sobretudo os grandes centros metropolitanos.<\/p>\n<p>\u00a0<\/p>\n<p>J\u00e1 o cr\u00e9dito livre cresceu mais forte que o direcionado, com avan\u00e7o de 0,9% em setembro. Em parte, foi empurrado por linhas que s\u00e3o contratadas automaticamente, sem a necessidade do apoio de ag\u00eancias e terminais de auto-atendimento, como o cheque especial (alta de 4,3% em setembro) e o cr\u00e9dito rotativo de cart\u00f5es de cr\u00e9dito (avan\u00e7o de 2,8%). Segundo o BC, \u00e9 poss\u00edvel que muitos clientes tenham entrado no cheque especial porque, com as ag\u00eancias fechadas durante a greve, n\u00e3o conseguiram fazer dep\u00f3sitos para cobrir eventuais saldos negativos.<\/p>\n<p>\u00a0<\/p>\n<p>O maior uso do cheque especial foi um dos fatores que levaram ao aumento das taxas m\u00e9dias de juros cobradas pelos bancos, de 19,3% ao ano para 19,5% ao ano entre agosto e setembro, ao lado dos efeitos do ciclo de aperto monet\u00e1rio patrocinado pelo BC. O custo m\u00e9dio de capta\u00e7\u00e3o dos bancos aumentou, de 8,6% para 8,8% ao ano, enquanto o spread m\u00e9dio ficou est\u00e1vel em 11,3 pontos percentuais.<\/p>\n<p>\u00a0<\/p>\n<p>Maciel destacou a estabilidade da inadimpl\u00eancia, que oscilou levemente de 3,2% para 3,3% entre agosto e setembro. Nas opera\u00e7\u00f5es com pessoas f\u00edsicas, o \u00edndice permaneceu em 4,8% em setembro, na compara\u00e7\u00e3o com agosto. No cr\u00e9dito a pessoas jur\u00eddicas, a taxa tamb\u00e9m manteve estabilidade em 2%. O aumento da inadimpl\u00eancia se concentrou nos bancos p\u00fablicos, com alta de 1,9% para 2%, e manteve-se est\u00e1vel em bancos privados nacionais, em 4,6%.<\/p>\n<p>\u00a0<\/p>\n<p>No cr\u00e9dito livre, a inadimpl\u00eancia total ficou em 5,1% pelo segundo m\u00eas seguido. Quando consideradas s\u00f3 as pessoas f\u00edsicas com recursos livres, manteve-se est\u00e1vel em 7%. J\u00e1 no cr\u00e9dito direcionado houve leve alta, de 1% para 1,1% no m\u00eas passado. \u201cAssociamos essa queda a aspectos macroecon\u00f4micos, como evolu\u00e7\u00e3o da renda e emprego, e \u00e0 educa\u00e7\u00e3o financeira\u201d, disse.<\/p>\n<p>\u00a0<\/p>\n<p>Fonte: Valor Econ\u00f4mico<\/p>\n","protected":false},"excerpt":{"rendered":"<p>Alex Ribeiro e Eduardo CamposValor Econ\u00f4mico \u00a0 A greve dos banc\u00e1rios fez o que a pol\u00edtica monet\u00e1ria n\u00e3o tinha conseguido at\u00e9 agora: desacelerar, ainda que temporariamente, a expans\u00e3o do cr\u00e9dito das institui\u00e7\u00f5es financeiras p\u00fablicas. Dados divulgados ontem pelo Banco Central mostram que a carteira de cr\u00e9dito dos bancos oficiais cresceu apenas 0,7% em setembro, menos [&hellip;]<\/p>\n","protected":false},"author":1,"featured_media":0,"comment_status":"","ping_status":"","sticky":false,"template":"","format":"standard","meta":{"footnotes":""},"categories":[3],"tags":[],"class_list":["post-1668","post","type-post","status-publish","format-standard","hentry","category-noticias"],"_links":{"self":[{"href":"https:\/\/hostnetart.com.br\/baixada\/wp-json\/wp\/v2\/posts\/1668","targetHints":{"allow":["GET"]}}],"collection":[{"href":"https:\/\/hostnetart.com.br\/baixada\/wp-json\/wp\/v2\/posts"}],"about":[{"href":"https:\/\/hostnetart.com.br\/baixada\/wp-json\/wp\/v2\/types\/post"}],"author":[{"embeddable":true,"href":"https:\/\/hostnetart.com.br\/baixada\/wp-json\/wp\/v2\/users\/1"}],"replies":[{"embeddable":true,"href":"https:\/\/hostnetart.com.br\/baixada\/wp-json\/wp\/v2\/comments?post=1668"}],"version-history":[{"count":0,"href":"https:\/\/hostnetart.com.br\/baixada\/wp-json\/wp\/v2\/posts\/1668\/revisions"}],"wp:attachment":[{"href":"https:\/\/hostnetart.com.br\/baixada\/wp-json\/wp\/v2\/media?parent=1668"}],"wp:term":[{"taxonomy":"category","embeddable":true,"href":"https:\/\/hostnetart.com.br\/baixada\/wp-json\/wp\/v2\/categories?post=1668"},{"taxonomy":"post_tag","embeddable":true,"href":"https:\/\/hostnetart.com.br\/baixada\/wp-json\/wp\/v2\/tags?post=1668"}],"curies":[{"name":"wp","href":"https:\/\/api.w.org\/{rel}","templated":true}]}}