{"id":16678,"date":"2025-08-20T14:42:50","date_gmt":"2025-08-20T17:42:50","guid":{"rendered":"https:\/\/hostnetart.com.br\/baixada\/itau-apresenta-avancos-em-resposta-as-reivindicacoes-do-gt-saude\/"},"modified":"2025-08-20T14:42:50","modified_gmt":"2025-08-20T17:42:50","slug":"itau-apresenta-avancos-em-resposta-as-reivindicacoes-do-gt-saude","status":"publish","type":"post","link":"https:\/\/hostnetart.com.br\/baixada\/itau-apresenta-avancos-em-resposta-as-reivindicacoes-do-gt-saude\/","title":{"rendered":"Ita\u00fa apresenta avan\u00e7os em resposta \u00e0s reivindica\u00e7\u00f5es do GT Sa\u00fade"},"content":{"rendered":"<\/p>\n<p>O Ita\u00fa enviou, na tarde desta ter\u00e7a-feira (19), as respostas \u00e0s reivindica\u00e7\u00f5es feitas pelos representantes dos trabalhadores na reuni\u00e3o realizada, na \u00faltima ter\u00e7a-feira (13),\u00a0com o Grupo de Trabalho (GT) de Sa\u00fade do Ita\u00fa. Os temas discutidos inclu\u00edram cl\u00ednicas m\u00e9dicas, fornecimento de atestados de sa\u00fade ocupacional, acesso a prontu\u00e1rios m\u00e9dicos e melhorias na folha de pagamento.<\/p>\n<p>Uma das principais cr\u00edticas dos banc\u00e1rios estava relacionada \u00e0 qualidade do atendimento em algumas cl\u00ednicas credenciadas. Em resposta, o banco informou que descredenciou quatro unidades por n\u00e3o atenderem \u00e0s necessidades dos funcion\u00e1rios e que pretende criar salas ocupacionais em diversos estados.<\/p>\n<p>Sobre os atestados de sa\u00fade ocupacional, que antes eram enviados apenas por e-mail, o Ita\u00fa anunciou que passar\u00e1 a fornecer os documentos originais, atendendo \u00e0s exig\u00eancias das per\u00edcias do INSS, caso contr\u00e1rio, permanece digital.<\/p>\n<p>No caso do prontu\u00e1rio m\u00e9dico, a exig\u00eancia de firma reconhecida foi retirada. Agora, bastar\u00e1 uma carta de pr\u00f3prio punho acompanhada de foto do crach\u00e1 para que o trabalhador tenha acesso \u00e0s informa\u00e7\u00f5es.<\/p>\n<p>Outra demanda tratada foi a dificuldade de compreens\u00e3o das folhas de pagamento. O banco informou que, a partir de agosto, o imposto de renda passar\u00e1 a ser retido no momento do pagamento, evitando descontos acumulados em uma \u00fanica vez. Al\u00e9m disso, a antecipa\u00e7\u00e3o salarial ser\u00e1 registrada em apenas uma rubrica, o que deve facilitar a leitura e entendimento.<\/p>\n<p>Em rela\u00e7\u00e3o ao exame de retorno e \u00e0s faltas injustificadas, o Ita\u00fa esclareceu que, ao receber a informa\u00e7\u00e3o de alta, envia um e-mail ao trabalhador para o agendamento. Os dias entre a alta do INSS e a realiza\u00e7\u00e3o do exame dever\u00e3o ser abonados pelo gestor. Para evitar atrasos, o banco tamb\u00e9m enviar\u00e1 notifica\u00e7\u00f5es 15, 10 e 5 dias antes da alta.<\/p>\n<p>Para Luciana Duarte, coordenadora do GT Sa\u00fade, os avan\u00e7os apresentados foram importantes. \u201cO retorno do banco foi satisfat\u00f3rio em rela\u00e7\u00e3o \u00e0 maioria dos temas apresentados, uma vez que podemos levar algumas respostas \u00e0 categoria. Nossa pr\u00f3xima discuss\u00e3o ser\u00e1 sobre o canal de den\u00fancias, pois tamb\u00e9m precisamos que os banc\u00e1rios tenham confian\u00e7a em denunciar situa\u00e7\u00f5es de sofrimento no trabalho, sem medo de retalia\u00e7\u00e3o, demiss\u00e3o e quebra de sigilo, e que esse processo seja \u00e1gil, j\u00e1 que esse \u00e9 um dos problemas mais recorrentes que recebemos.\u201d<\/p>\n<p>A coordenadora da Comiss\u00e3o de Organiza\u00e7\u00e3o dos Empregados (COE) do Ita\u00fa, Valeska Pincovai, tamb\u00e9m destacou o papel do GT: \u201c\u00c9 fundamental que o GT Sa\u00fade discuta de forma cont\u00ednua as quest\u00f5es de sa\u00fade e condi\u00e7\u00f5es de trabalho no banco. Queremos tamb\u00e9m retomar o debate sobre as metas, como forma de preven\u00e7\u00e3o e qualidade de vida no trabalho.\u201d<\/p>\n<p><strong>Fonte: Contraf-CUT<\/strong><\/p>\n","protected":false},"excerpt":{"rendered":"<p>O Ita\u00fa enviou, na tarde desta ter\u00e7a-feira (19), as respostas \u00e0s reivindica\u00e7\u00f5es feitas pelos representantes dos trabalhadores na reuni\u00e3o realizada, na \u00faltima ter\u00e7a-feira (13),\u00a0com o Grupo de Trabalho (GT) de Sa\u00fade do Ita\u00fa. Os temas discutidos inclu\u00edram cl\u00ednicas m\u00e9dicas, fornecimento de atestados de sa\u00fade ocupacional, acesso a prontu\u00e1rios m\u00e9dicos e melhorias na folha de pagamento. [&hellip;]<\/p>\n","protected":false},"author":2,"featured_media":16677,"comment_status":"","ping_status":"","sticky":false,"template":"","format":"standard","meta":{"footnotes":""},"categories":[3],"tags":[],"class_list":["post-16678","post","type-post","status-publish","format-standard","has-post-thumbnail","hentry","category-noticias"],"_links":{"self":[{"href":"https:\/\/hostnetart.com.br\/baixada\/wp-json\/wp\/v2\/posts\/16678","targetHints":{"allow":["GET"]}}],"collection":[{"href":"https:\/\/hostnetart.com.br\/baixada\/wp-json\/wp\/v2\/posts"}],"about":[{"href":"https:\/\/hostnetart.com.br\/baixada\/wp-json\/wp\/v2\/types\/post"}],"author":[{"embeddable":true,"href":"https:\/\/hostnetart.com.br\/baixada\/wp-json\/wp\/v2\/users\/2"}],"replies":[{"embeddable":true,"href":"https:\/\/hostnetart.com.br\/baixada\/wp-json\/wp\/v2\/comments?post=16678"}],"version-history":[{"count":0,"href":"https:\/\/hostnetart.com.br\/baixada\/wp-json\/wp\/v2\/posts\/16678\/revisions"}],"wp:featuredmedia":[{"embeddable":true,"href":"https:\/\/hostnetart.com.br\/baixada\/wp-json\/wp\/v2\/media\/16677"}],"wp:attachment":[{"href":"https:\/\/hostnetart.com.br\/baixada\/wp-json\/wp\/v2\/media?parent=16678"}],"wp:term":[{"taxonomy":"category","embeddable":true,"href":"https:\/\/hostnetart.com.br\/baixada\/wp-json\/wp\/v2\/categories?post=16678"},{"taxonomy":"post_tag","embeddable":true,"href":"https:\/\/hostnetart.com.br\/baixada\/wp-json\/wp\/v2\/tags?post=16678"}],"curies":[{"name":"wp","href":"https:\/\/api.w.org\/{rel}","templated":true}]}}