{"id":16674,"date":"2025-08-20T13:15:27","date_gmt":"2025-08-20T16:15:27","guid":{"rendered":"https:\/\/hostnetart.com.br\/baixada\/sindicato-dos-bancarios-da-baixada-fluminense-reintegra-mais-uma-funcionaria-do-itau-5\/"},"modified":"2025-08-20T13:15:27","modified_gmt":"2025-08-20T16:15:27","slug":"sindicato-dos-bancarios-da-baixada-fluminense-reintegra-mais-uma-funcionaria-do-itau-5","status":"publish","type":"post","link":"https:\/\/hostnetart.com.br\/baixada\/sindicato-dos-bancarios-da-baixada-fluminense-reintegra-mais-uma-funcionaria-do-itau-5\/","title":{"rendered":"Sindicato dos Banc\u00e1rios da Baixada Fluminense reintegra mais uma funcion\u00e1ria do Ita\u00fa"},"content":{"rendered":"<p>Nesta ter\u00e7a-feira, 19 de agosto, o Sindicato dos Banc\u00e1rios da Baixada Fluminense reintegrou mais uma funcion\u00e1ria do Ita\u00fa Unibanco.<\/p>\n<p>P\u00e2mela Fonseca Ribas, banc\u00e1ria da Plataforma Business &#8211; 8166, foi reintegrada por doen\u00e7a ocupacional, devidamente reconhecida pelo INSS.<\/p>\n<p>P\u00e2mela estava com o processo em outro escrit\u00f3rio. Mas, logo depois, entrou em contato com o Sindicato, sendo devidamente acolhida.<\/p>\n<p>\u201c<i>Fui demitida em dezembro 2024 e procurei um escrit\u00f3rio de advocacia por indica\u00e7\u00e3o, mas n\u00e3o tive um suporte de qualidade durante o acompanhamento do processo. Preocupada com a falta de orienta\u00e7\u00e3o do antigo advogado, procurei o Sindicato e fui muito bem acolhida pelo Departamento Jur\u00eddico da entidade que, em apenas 2 meses, fez mais por mim do que o antigo advogado, em 6 meses. Finalmente consegui a minha reintegra\u00e7\u00e3o. Obrigada ao Sindicato dos Banc\u00e1rios da Baixada Fluminense e, em especial, ao Dr. Luiz Paulo<\/i>\u201d, declarou P\u00e2mela.<\/p>\n<p>A trabalhadora \u00e9 sindicalizada e teve o suporte e atendimento do Departamento Jur\u00eddico do Sindicato, atrav\u00e9s do advogado Luiz Paulo, do Escrit\u00f3rio Baptista &amp; Reis Advogados Associados, e pelo Departamento de Sa\u00fade.<\/p>\n<p>A reintegra\u00e7\u00e3o foi acompanhada pelos Diretores\u00a0Pedro Batista, Renata Soeiro e\u00a0Fernando Correia.<\/p>\n<p><strong>IMPORTANTE<\/strong><\/p>\n<p>\u00c9 fundamental que banc\u00e1rias e banc\u00e1rios, logo que sejam informados de suas demiss\u00f5es, procurem imediatamente atendimento no Sindicato.<\/p>\n<p><b>ATENDIMENTO JUR\u00cdDICO PRESENCIAL<\/b><\/p>\n<p>Nova Igua\u00e7u\u00a0&#8211; \u00e0s\u00a0<em><strong>ter\u00e7as-feiras<\/strong><\/em>, das 11 horas\u00a0<span dir=\"ltr\">\u00e0 13 horas\u00a0<\/span>e das 14 horas \u00e0s 17 horas (telefone:\u00a0<span dir=\"ltr\"><a href=\"tel:21 \/ 2658-8041\">21 \/ 2658-8041<\/a><\/span>)<\/p>\n<p>Duque de Caxias\u00a0&#8211; \u00e0s\u00a0<strong><em>quintas-feiras<\/em><\/strong>, das 10 horas \u00e0s 13 horas (telefone:\u00a0<span dir=\"ltr\"><a href=\"tel:21 \/ 26710-110\">21 \/ 26710-110<\/a><\/span>)<\/p>\n<p><b>SINDICALIZE-SE!<\/b><\/p>\n","protected":false},"excerpt":{"rendered":"<p>Nesta ter\u00e7a-feira, 19 de agosto, o Sindicato dos Banc\u00e1rios da Baixada Fluminense reintegrou mais uma funcion\u00e1ria do Ita\u00fa Unibanco. P\u00e2mela Fonseca Ribas, banc\u00e1ria da Plataforma Business &#8211; 8166, foi reintegrada por doen\u00e7a ocupacional, devidamente reconhecida pelo INSS. P\u00e2mela estava com o processo em outro escrit\u00f3rio. Mas, logo depois, entrou em contato com o Sindicato, sendo [&hellip;]<\/p>\n","protected":false},"author":2,"featured_media":16673,"comment_status":"","ping_status":"","sticky":false,"template":"","format":"standard","meta":{"footnotes":""},"categories":[3],"tags":[],"class_list":["post-16674","post","type-post","status-publish","format-standard","has-post-thumbnail","hentry","category-noticias"],"_links":{"self":[{"href":"https:\/\/hostnetart.com.br\/baixada\/wp-json\/wp\/v2\/posts\/16674","targetHints":{"allow":["GET"]}}],"collection":[{"href":"https:\/\/hostnetart.com.br\/baixada\/wp-json\/wp\/v2\/posts"}],"about":[{"href":"https:\/\/hostnetart.com.br\/baixada\/wp-json\/wp\/v2\/types\/post"}],"author":[{"embeddable":true,"href":"https:\/\/hostnetart.com.br\/baixada\/wp-json\/wp\/v2\/users\/2"}],"replies":[{"embeddable":true,"href":"https:\/\/hostnetart.com.br\/baixada\/wp-json\/wp\/v2\/comments?post=16674"}],"version-history":[{"count":0,"href":"https:\/\/hostnetart.com.br\/baixada\/wp-json\/wp\/v2\/posts\/16674\/revisions"}],"wp:featuredmedia":[{"embeddable":true,"href":"https:\/\/hostnetart.com.br\/baixada\/wp-json\/wp\/v2\/media\/16673"}],"wp:attachment":[{"href":"https:\/\/hostnetart.com.br\/baixada\/wp-json\/wp\/v2\/media?parent=16674"}],"wp:term":[{"taxonomy":"category","embeddable":true,"href":"https:\/\/hostnetart.com.br\/baixada\/wp-json\/wp\/v2\/categories?post=16674"},{"taxonomy":"post_tag","embeddable":true,"href":"https:\/\/hostnetart.com.br\/baixada\/wp-json\/wp\/v2\/tags?post=16674"}],"curies":[{"name":"wp","href":"https:\/\/api.w.org\/{rel}","templated":true}]}}