{"id":1667,"date":"2014-10-06T00:00:00","date_gmt":"2014-10-06T03:00:00","guid":{"rendered":"https:\/\/hostnetart.com.br\/baixada\/greve-dos-bancarios-cresce-pelo-pais-e-para-9-379-agencias-no-terceiro-dia\/"},"modified":"2014-10-06T00:00:00","modified_gmt":"2014-10-06T03:00:00","slug":"greve-dos-bancarios-cresce-pelo-pais-e-para-9-379-agencias-no-terceiro-dia","status":"publish","type":"post","link":"https:\/\/hostnetart.com.br\/baixada\/greve-dos-bancarios-cresce-pelo-pais-e-para-9-379-agencias-no-terceiro-dia\/","title":{"rendered":"Greve dos banc\u00e1rios cresce pelo pa\u00eds e para 9.379 ag\u00eancias no terceiro dia"},"content":{"rendered":"<p>Diante do sil\u00eancio dos bancos, a greve nacional dos banc\u00e1rios continua crescendo em todo o territ\u00f3rio nacional. Nesta quinta-feira 2, terceiro dia do movimento, as paralisa\u00e7\u00f5es atingiram 9.379 ag\u00eancias e centros administrativos de bancos p\u00fablicos e privados nos 26 estados e Distrito Federal. Foram 1.706 novas unidades que aderiram \u00e0 greve, um crescimento de 22,2% em rela\u00e7\u00e3o \u00e0 quarta-feira.\u00a0<\/p>\n<p>As informa\u00e7\u00f5es foram enviadas \u00e0 Contraf-CUT at\u00e9 as 18h pelos 134 sindicatos que integram o Comando Nacional dos Banc\u00e1rios. No primeiro dia de greve, na ter\u00e7a-feira 30, haviam sido fechadas 6.572 unidades. J\u00e1 no segundo dia as paralisa\u00e7\u00f5es alcan\u00e7aram 7.673 depend\u00eancias. Ou seja, desde o primeiro dia da greve, a paralisa\u00e7\u00e3o cresceu 42,7%.\u00a0<\/p>\n<p>\u201c\u00c9 essa a resposta dos banc\u00e1rios ao sil\u00eancio da Fenaban. Est\u00e3o ampliando a mobiliza\u00e7\u00e3o a cada dia em todo o pa\u00eds para mostrar a insatisfa\u00e7\u00e3o e exigir uma proposta que contemple n\u00e3o apenas as reivindica\u00e7\u00f5es econ\u00f4micas, mas tamb\u00e9m as demandas sociais, como prote\u00e7\u00e3o ao emprego, melhores condi\u00e7\u00f5es de trabalho, com o fim das metas abusivas e do ass\u00e9dio moral, mais seguran\u00e7a e igualdade de oportunidades \u201c, afirma Carlos Cordeiro, presidente da Contraf-CUT e coordenador do Comando Nacional.\u00a0<\/p>\n<p>\u201cOs bancos s\u00e3o um dos setores mais rent\u00e1veis da economia brasileira gra\u00e7as principalmente ao aumento da produtividade dos banc\u00e1rios. As seis maiores institui\u00e7\u00f5es, que empregam mais de 85% da categoria, tiveram lucro l\u00edquido de R$ 58,7 bilh\u00f5es em 2013 e mais R$ 28,5 bilh\u00f5es no primeiro semestre deste ano. Os banc\u00e1rios s\u00f3 sair\u00e3o dessa greve com maiores avan\u00e7os no sal\u00e1rio, na valoriza\u00e7\u00e3o do piso e na melhoria das condi\u00e7\u00f5es de trabalho\u201d, adverte Carlos Cordeiro.<\/p>\n<p>Os banc\u00e1rios aprovaram a greve por tempo indeterminado nas assembleias realizadas em todo o pa\u00eds no dia 25 de setembro e ratificaram a decis\u00e3o no dia 29, quando rejeitaram uma segunda proposta dos bancos, elevando para 7,35% o reajuste dos sal\u00e1rios e outras verbas salariais e para 8% o reajuste do piso salarial.<\/p>\n<p><b>Banc\u00e1rios protestam contra independ\u00eancia do BC<\/b><\/p>\n<p>Os banc\u00e1rios tamb\u00e9m realizaram nesta quinta-feira manifesta\u00e7\u00f5es em pelo menos 11 capitais para combater a proposta de independ\u00eancia do Banco Central, que os bancos privados colocaram na agenda eleitoral ao inclu\u00edrem o tema nos programas de governo de candidatos \u00e0 Presid\u00eancia da Rep\u00fablica.\u00a0<\/p>\n<p>Os atos foram convocados pelo Comando Nacional dos Banc\u00e1rios, coordenado pela Contraf-CUT, e receberam apoio e participa\u00e7\u00e3o da CUT, da CTB, da Intersindical e v\u00e1rios movimentos sociais.\u00a0<\/p>\n<p>&gt; Clique\u00a0<a href=\"http:\/\/www.contrafcut.org.br\/noticias.asp?CodNoticia=39875\" target=\"_blank\" rel=\"noopener noreferrer\">aqui\u00a0<\/a>para ver como foram os protestos.<\/p>\n<p>Confira abaixo o que os banc\u00e1rios reivindicam e o que os bancos propuseram.\u00a0<\/p>\n<p><b>AS PRINCIPAIS REIVINDICA\u00c7\u00d5ES DOS BANC\u00c1RIOS<\/b><\/p>\n<p><b>Reajuste salarial<\/b>\u00a0de 12,5%.<\/p>\n<p><b>Piso Salarial<\/b>\u00a0de R$ 2.979,25<\/p>\n<p><b>PLR<\/b>: tr\u00eas sal\u00e1rios mais parcela adicional de R$ 6.247.<\/p>\n<p><b>14\u00ba sal\u00e1rio<\/b>.<\/p>\n<p><b>Vales alimenta\u00e7\u00e3o, refei\u00e7\u00e3o, cesta-alimenta\u00e7\u00e3o, 13\u00aa cesta e aux\u00edlio-creche\/bab\u00e1<\/b>: R$ 724,00 ao m\u00eas para cada (sal\u00e1rio m\u00ednimo nacional).<\/p>\n<p><b>Gratifica\u00e7\u00e3o de caixa<\/b>: R$ 1.042,74.<\/p>\n<p><b>Gratifica\u00e7\u00e3o de fun\u00e7\u00e3o<\/b>: 70% do sal\u00e1rio do cargo efetivo.<\/p>\n<p><b>Vale-cultura<\/b>: R$ 112,50 para todos.<\/p>\n<p><b>Fim das metas abusivas<\/b>.<\/p>\n<p><b>Combate ao ass\u00e9dio moral<\/b>.<\/p>\n<p><b>Isonomia de direitos<\/b>\u00a0para afastados por motivo de sa\u00fade.<\/p>\n<p><b>Manuten\u00e7\u00e3o dos planos de sa\u00fade na aposentadoria<\/b>.<\/p>\n<p><b>Emprego<\/b>: fim das demiss\u00f5es e da rotatividade, mais contrata\u00e7\u00f5es, proibi\u00e7\u00e3o \u00e0s dispensas imotivadas como determina a Conven\u00e7\u00e3o 158 da OIT, aumento da inclus\u00e3o banc\u00e1ria e combate \u00e0s terceiriza\u00e7\u00f5es.<\/p>\n<p><b>Plano de Cargos, Carreiras e Sal\u00e1rios (PCCS<\/b>) para todos os banc\u00e1rios.<\/p>\n<p><b>Aux\u00edlio-educa\u00e7\u00e3o<\/b>: pagamento para gradua\u00e7\u00e3o e p\u00f3s.<\/p>\n<p><b>Preven\u00e7\u00e3o contra assaltos e sequestros<\/b>: cumprimento da Lei 7.102\/83 que exige plano de seguran\u00e7a em ag\u00eancias e PABs, garantindo pelo menos dois vigilantes durante todo o hor\u00e1rio de funcionamento dos bancos; instala\u00e7\u00e3o de portas girat\u00f3rias com detector de metais na entrada das \u00e1reas de autoatendimento das ag\u00eancias; biombos em frente aos caixas e fim da guarda das chaves de cofres e ag\u00eancias por banc\u00e1rios.\u00a0<\/p>\n<p><b>Igualdade de oportunidades para todos<\/b>, pondo fim \u00e0s discrimina\u00e7\u00f5es nos sal\u00e1rios e na ascens\u00e3o profissional de mulheres, negros, gays, l\u00e9sbicas, transexuais e pessoas com defici\u00eancia (PCDs).\u00a0<\/p>\n<p><b>A PROPOSTA DOS BANCOS REJEITADA PELOS BANC\u00c1RIOS<\/b><\/p>\n<p><b>Reajuste de 7,35%\u00a0<\/b>(0,94% de aumento real).<\/p>\n<p><b>Piso portaria<\/b>\u00a0ap\u00f3s 90 dias \u2013 1.240,89 (8% ou 1,55% de aumento real).<\/p>\n<p><b>Piso escrit\u00f3rio<\/b>\u00a0ap\u00f3s 90 dias \u2013 R$ 1.779,97 (1,55% acima da infla\u00e7\u00e3o).<\/p>\n<p><b>Piso caixa\/tesouraria<\/b>\u00a0ap\u00f3s 90 dias \u2013 R$ 2.403,60 (sal\u00e1rio mais gratifica\u00e7\u00e3o mais outras verbas de caixa), significando 1,39% de aumento real).<\/p>\n<p><b>PLR regra b\u00e1sica<\/b>\u00a0&#8211; 90% do sal\u00e1rio mais R$ 1.818,51, limitado a R$ 9.755,42. Se o total ficar abaixo de 5% do lucro l\u00edquido, salta para 2,2 sal\u00e1rios, com teto de R$ 21.461,91.<\/p>\n<p><b>PLR parcela adicional<\/b>\u00a0&#8211; 2,2% do lucro l\u00edquido dividido linearmente para todos, limitado a R$ 3.637,02.<\/p>\n<p>\u2026\u2026\u2026\u2026\u2026\u2026\u2026\u2026\u2026\u2026\u2026\u2026\u2026\u2026\u2026\u2026\u2026\u2026\u2026\u2026\u2026\u2026.<br \/><b>Antecipa\u00e7\u00e3o da PLR<\/b><\/p>\n<p>Primeira parcela depositada at\u00e9 dez dias ap\u00f3s assinatura da Conven\u00e7\u00e3o Coletiva e a segunda at\u00e9 2 de mar\u00e7o de 2015.\u00a0<\/p>\n<p><b>Regra b\u00e1sica\u00a0<\/b>&#8211; 54% do sal\u00e1rio mais fixo de R$ 1.091,11, limitado a R$ 5.853,25 e ao teto de 12,8% do lucro l\u00edquido \u2013 o que ocorrer primeiro.<\/p>\n<p><b>Parcela adicional<\/b>\u00a0&#8211; 2,2% do lucro l\u00edquido do primeiro semestre de 2014, limitado a R$ 1.818,51.<br \/>\u2026\u2026\u2026\u2026\u2026\u2026\u2026\u2026\u2026\u2026\u2026\u2026\u2026\u2026\u2026\u2026\u2026\u2026\u2026\u2026\u2026\u2026.<\/p>\n<p><b>Aux\u00edlio-refei\u00e7\u00e3o<\/b>\u00a0&#8211; R$ 24,88.<\/p>\n<p><b>Aux\u00edlio-cesta alimenta\u00e7\u00e3o e 13\u00aa cesta<\/b>\u00a0&#8211; R$ 426,60.<\/p>\n<p><b>Aux\u00edlio-creche\/bab\u00e1 (filhos at\u00e9 71 meses)<\/b>\u00a0&#8211; R$ 355,02.<\/p>\n<p><b>Aux\u00edlio-creche\/bab\u00e1 (filhos at\u00e9 83 meses)<\/b>\u00a0&#8211; R$ 303,70.<\/p>\n<p><b>Gratifica\u00e7\u00e3o de compensador de cheques<\/b>\u00a0&#8211; R$ 137,97.<\/p>\n<p><b>Requalifica\u00e7\u00e3o profissional<\/b>\u00a0&#8211; R$ 1.214,00.<\/p>\n<p><b>Aux\u00edlio-funeral<\/b>\u00a0&#8211; R$ 814,57.<\/p>\n<p><b>Indeniza\u00e7\u00e3o por morte<\/b>\u00a0ou incapacidade decorrente de assalto \u2013 R$ 121.468,95.<\/p>\n<p><b>Ajuda deslocamento noturno<\/b>\u00a0&#8211; R$ 85,03.<\/p>\n<p>Fonte: Contraf-CUT<\/p>\n","protected":false},"excerpt":{"rendered":"<p>Diante do sil\u00eancio dos bancos, a greve nacional dos banc\u00e1rios continua crescendo em todo o territ\u00f3rio nacional. Nesta quinta-feira 2, terceiro dia do movimento, as paralisa\u00e7\u00f5es atingiram 9.379 ag\u00eancias e centros administrativos de bancos p\u00fablicos e privados nos 26 estados e Distrito Federal. Foram 1.706 novas unidades que aderiram \u00e0 greve, um crescimento de 22,2% [&hellip;]<\/p>\n","protected":false},"author":1,"featured_media":0,"comment_status":"","ping_status":"","sticky":false,"template":"","format":"standard","meta":{"footnotes":""},"categories":[3],"tags":[],"class_list":["post-1667","post","type-post","status-publish","format-standard","hentry","category-noticias"],"_links":{"self":[{"href":"https:\/\/hostnetart.com.br\/baixada\/wp-json\/wp\/v2\/posts\/1667","targetHints":{"allow":["GET"]}}],"collection":[{"href":"https:\/\/hostnetart.com.br\/baixada\/wp-json\/wp\/v2\/posts"}],"about":[{"href":"https:\/\/hostnetart.com.br\/baixada\/wp-json\/wp\/v2\/types\/post"}],"author":[{"embeddable":true,"href":"https:\/\/hostnetart.com.br\/baixada\/wp-json\/wp\/v2\/users\/1"}],"replies":[{"embeddable":true,"href":"https:\/\/hostnetart.com.br\/baixada\/wp-json\/wp\/v2\/comments?post=1667"}],"version-history":[{"count":0,"href":"https:\/\/hostnetart.com.br\/baixada\/wp-json\/wp\/v2\/posts\/1667\/revisions"}],"wp:attachment":[{"href":"https:\/\/hostnetart.com.br\/baixada\/wp-json\/wp\/v2\/media?parent=1667"}],"wp:term":[{"taxonomy":"category","embeddable":true,"href":"https:\/\/hostnetart.com.br\/baixada\/wp-json\/wp\/v2\/categories?post=1667"},{"taxonomy":"post_tag","embeddable":true,"href":"https:\/\/hostnetart.com.br\/baixada\/wp-json\/wp\/v2\/tags?post=1667"}],"curies":[{"name":"wp","href":"https:\/\/api.w.org\/{rel}","templated":true}]}}