{"id":16668,"date":"2025-08-18T14:47:47","date_gmt":"2025-08-18T17:47:47","guid":{"rendered":"https:\/\/hostnetart.com.br\/baixada\/encontro-nacional-dos-funcionarios-do-santander-debatera-cenario-economico-perspectivas-do-sistema-financeiro-e-plano-de-luta-da-categoria\/"},"modified":"2025-08-18T14:47:47","modified_gmt":"2025-08-18T17:47:47","slug":"encontro-nacional-dos-funcionarios-do-santander-debatera-cenario-economico-perspectivas-do-sistema-financeiro-e-plano-de-luta-da-categoria","status":"publish","type":"post","link":"https:\/\/hostnetart.com.br\/baixada\/encontro-nacional-dos-funcionarios-do-santander-debatera-cenario-economico-perspectivas-do-sistema-financeiro-e-plano-de-luta-da-categoria\/","title":{"rendered":"Encontro Nacional dos Funcion\u00e1rios do Santander debater\u00e1 cen\u00e1rio econ\u00f4mico, perspectivas do sistema financeiro e plano de luta da categoria"},"content":{"rendered":"<\/p>\n<p>Nos dias 21 e 22 de agosto, ser\u00e1 realizado no Hotel Holiday Inn Parque Anhembi, em S\u00e3o Paulo, o Encontro Nacional dos Funcion\u00e1rios do Banco Santander, promovido pela Comiss\u00e3o de Organiza\u00e7\u00e3o dos Empregados (COE) do banco. O evento reunir\u00e1 dirigentes sindicais e representantes da base de diversas regi\u00f5es do pa\u00eds para discutir a conjuntura econ\u00f4mica, os desafios do sistema financeiro, as negocia\u00e7\u00f5es da Campanha Nacional e a constru\u00e7\u00e3o de um plano de luta unificado.<\/p>\n<p>Para a coordenadora da COE Santander, Wanessa de Queir\u00f3z Paix\u00e3o, o encontro ser\u00e1 decisivo para preparar a categoria para os pr\u00f3ximos passos. \u201cO Encontro Nacional \u00e9 um momento estrat\u00e9gico para alinharmos as demandas dos trabalhadores, analisarmos o cen\u00e1rio em que estamos inseridos e definirmos a\u00e7\u00f5es concretas que fortale\u00e7am nossa mobiliza\u00e7\u00e3o e assegurem avan\u00e7os nas negocia\u00e7\u00f5es com o Santander.\u201d<\/p>\n<p>A secret\u00e1ria de Rela\u00e7\u00f5es Internacionais da Contraf-CUT e funcion\u00e1ria do Santander, Rita Berlofa, destacou a import\u00e2ncia de conectar as lutas no Brasil com o contexto internacional. \u201cO Santander \u00e9 um banco global e suas pol\u00edticas t\u00eam impacto direto em trabalhadores de diversos pa\u00edses. \u00c9 fundamental que estejamos articulados internacionalmente, trocando informa\u00e7\u00f5es e estrat\u00e9gias com colegas de outras regi\u00f5es para enfrentar pr\u00e1ticas nocivas e pressionar por melhores condi\u00e7\u00f5es de trabalho. Essa unidade fortalece nossa luta e amplia nossas conquistas.\u201d<\/p>\n<h2>Programa\u00e7\u00e3o completa<\/h2>\n<p><strong>21 de agosto de 2025<\/strong><\/p>\n<p><strong>14h \u00e0s 20h<\/strong> \u2013 Credenciamento<br \/><strong>15h <\/strong>\u2013 In\u00edcio do check-in no Hotel Holiday Inn Parque Anhembi<\/p>\n<p>\u00a0<\/p>\n<p><strong>22 de agosto de 2025<\/strong><\/p>\n<p><strong>9h30<\/strong> \u2013 Abertura<br \/><strong>10h15 \u00e0s 11h30<\/strong> \u2013 Mesa de An\u00e1lise Econ\u00f4mica e Dados do Banco Santander<br \/><strong>12h \u00e0s 13<\/strong><strong>h<\/strong> \u2013 Intervalo para almo\u00e7o<br \/><strong>13h \u00e0s 14h30<\/strong> \u2013 Mesa de An\u00e1lise de Conjuntura do Sistema Financeiro Nacional e Perspectivas<br \/><strong>15h<\/strong> \u2013 Campanha Nacional Santander e Desdobramentos<br \/><strong>16h<\/strong> \u2013 Plano de luta<br \/><strong>17h<\/strong> \u2013 Encaminhamento e encerramento das propostas<\/p>\n<p><strong><br \/>Fonte: Contraf-CUT<\/strong><\/p>\n","protected":false},"excerpt":{"rendered":"<p>Nos dias 21 e 22 de agosto, ser\u00e1 realizado no Hotel Holiday Inn Parque Anhembi, em S\u00e3o Paulo, o Encontro Nacional dos Funcion\u00e1rios do Banco Santander, promovido pela Comiss\u00e3o de Organiza\u00e7\u00e3o dos Empregados (COE) do banco. O evento reunir\u00e1 dirigentes sindicais e representantes da base de diversas regi\u00f5es do pa\u00eds para discutir a conjuntura econ\u00f4mica, [&hellip;]<\/p>\n","protected":false},"author":2,"featured_media":16667,"comment_status":"","ping_status":"","sticky":false,"template":"","format":"standard","meta":{"footnotes":""},"categories":[3],"tags":[],"class_list":["post-16668","post","type-post","status-publish","format-standard","has-post-thumbnail","hentry","category-noticias"],"_links":{"self":[{"href":"https:\/\/hostnetart.com.br\/baixada\/wp-json\/wp\/v2\/posts\/16668","targetHints":{"allow":["GET"]}}],"collection":[{"href":"https:\/\/hostnetart.com.br\/baixada\/wp-json\/wp\/v2\/posts"}],"about":[{"href":"https:\/\/hostnetart.com.br\/baixada\/wp-json\/wp\/v2\/types\/post"}],"author":[{"embeddable":true,"href":"https:\/\/hostnetart.com.br\/baixada\/wp-json\/wp\/v2\/users\/2"}],"replies":[{"embeddable":true,"href":"https:\/\/hostnetart.com.br\/baixada\/wp-json\/wp\/v2\/comments?post=16668"}],"version-history":[{"count":0,"href":"https:\/\/hostnetart.com.br\/baixada\/wp-json\/wp\/v2\/posts\/16668\/revisions"}],"wp:featuredmedia":[{"embeddable":true,"href":"https:\/\/hostnetart.com.br\/baixada\/wp-json\/wp\/v2\/media\/16667"}],"wp:attachment":[{"href":"https:\/\/hostnetart.com.br\/baixada\/wp-json\/wp\/v2\/media?parent=16668"}],"wp:term":[{"taxonomy":"category","embeddable":true,"href":"https:\/\/hostnetart.com.br\/baixada\/wp-json\/wp\/v2\/categories?post=16668"},{"taxonomy":"post_tag","embeddable":true,"href":"https:\/\/hostnetart.com.br\/baixada\/wp-json\/wp\/v2\/tags?post=16668"}],"curies":[{"name":"wp","href":"https:\/\/api.w.org\/{rel}","templated":true}]}}