{"id":16666,"date":"2025-08-15T16:45:21","date_gmt":"2025-08-15T19:45:21","guid":{"rendered":"https:\/\/hostnetart.com.br\/baixada\/encontro-nacional-dos-funcionarios-do-banco-itau-unibanco-discutira-impactos-da-inteligencia-artificial-e-condicoes-de-trabalho\/"},"modified":"2025-08-15T16:45:21","modified_gmt":"2025-08-15T19:45:21","slug":"encontro-nacional-dos-funcionarios-do-banco-itau-unibanco-discutira-impactos-da-inteligencia-artificial-e-condicoes-de-trabalho","status":"publish","type":"post","link":"https:\/\/hostnetart.com.br\/baixada\/encontro-nacional-dos-funcionarios-do-banco-itau-unibanco-discutira-impactos-da-inteligencia-artificial-e-condicoes-de-trabalho\/","title":{"rendered":"Encontro Nacional dos Funcion\u00e1rios do Banco Ita\u00fa-Unibanco discutir\u00e1 impactos da intelig\u00eancia artificial e condi\u00e7\u00f5es de trabalho"},"content":{"rendered":"<p>Na pr\u00f3xima sexta-feira, 22 de agosto, acontece o Encontro Nacional dos Funcion\u00e1rios do Banco Ita\u00fa-Unibanco, no Hotel Holiday Inn Parque Anhembi, em S\u00e3o Paulo. O evento reunir\u00e1 dirigentes sindicais e representantes da base de diversas regi\u00f5es do pa\u00eds para debater temas estrat\u00e9gicos, como o cen\u00e1rio pol\u00edtico e econ\u00f4mico, os impactos da intelig\u00eancia artificial na atividade banc\u00e1ria e quest\u00f5es relacionadas \u00e0 sa\u00fade e condi\u00e7\u00f5es de trabalho.<\/p>\n<p>A abertura ser\u00e1 feita pela Coordena\u00e7\u00e3o da Comiss\u00e3o de Organiza\u00e7\u00e3o dos Empregados (COE) do Ita\u00fa-Unibanco e membros do Comando Nacional dos Banc\u00e1rios, refor\u00e7ando a import\u00e2ncia da unidade e da organiza\u00e7\u00e3o para enfrentar os desafios da categoria.<\/p>\n<p>Segundo a coordenadora da COE Ita\u00fa-Unibanco, Valeska Fernanda Pincovai, o encontro ser\u00e1 um momento essencial para fortalecer a organiza\u00e7\u00e3o da categoria. \u201cVivemos um momento em que a tecnologia e as press\u00f5es por metas impactam diretamente o dia a dia dos trabalhadores. O Encontro Nacional ser\u00e1 a oportunidade de construirmos estrat\u00e9gias conjuntas, ouvirmos as demandas da base e definirmos pautas que garantam n\u00e3o s\u00f3 a preserva\u00e7\u00e3o dos direitos, mas tamb\u00e9m a melhoria das condi\u00e7\u00f5es de trabalho.\u201d<\/p>\n<h2>Programa\u00e7\u00e3o completa<\/h2>\n<p><strong>9h \u2013<\/strong>\u00a0Abertura<br \/><strong>9h30<\/strong>\u00a0\u2013 An\u00e1lise de conjuntura<br \/><strong>11h \u2013\u00a0<\/strong>Painel: Intelig\u00eancia Artificial e o Banco Ita\u00fa-Unibanco \u2013 impactos na Atividade Banc\u00e1ria<br \/><strong>13h\u00a0<\/strong>\u2013 Intervalo para almo\u00e7o<br \/><strong>14h\u00a0<\/strong>\u2013 Painel: Sa\u00fade e Condi\u00e7\u00f5es de Trabalho<br \/><strong>16h<\/strong>\u00a0\u2013 Encaminhamento e encerramento<\/p>\n<p><em><strong>Fonte: Contraf-CUT<\/strong><\/em><\/p>\n","protected":false},"excerpt":{"rendered":"<p>Na pr\u00f3xima sexta-feira, 22 de agosto, acontece o Encontro Nacional dos Funcion\u00e1rios do Banco Ita\u00fa-Unibanco, no Hotel Holiday Inn Parque Anhembi, em S\u00e3o Paulo. O evento reunir\u00e1 dirigentes sindicais e representantes da base de diversas regi\u00f5es do pa\u00eds para debater temas estrat\u00e9gicos, como o cen\u00e1rio pol\u00edtico e econ\u00f4mico, os impactos da intelig\u00eancia artificial na atividade [&hellip;]<\/p>\n","protected":false},"author":2,"featured_media":16665,"comment_status":"","ping_status":"","sticky":false,"template":"","format":"standard","meta":{"footnotes":""},"categories":[3],"tags":[],"class_list":["post-16666","post","type-post","status-publish","format-standard","has-post-thumbnail","hentry","category-noticias"],"_links":{"self":[{"href":"https:\/\/hostnetart.com.br\/baixada\/wp-json\/wp\/v2\/posts\/16666","targetHints":{"allow":["GET"]}}],"collection":[{"href":"https:\/\/hostnetart.com.br\/baixada\/wp-json\/wp\/v2\/posts"}],"about":[{"href":"https:\/\/hostnetart.com.br\/baixada\/wp-json\/wp\/v2\/types\/post"}],"author":[{"embeddable":true,"href":"https:\/\/hostnetart.com.br\/baixada\/wp-json\/wp\/v2\/users\/2"}],"replies":[{"embeddable":true,"href":"https:\/\/hostnetart.com.br\/baixada\/wp-json\/wp\/v2\/comments?post=16666"}],"version-history":[{"count":0,"href":"https:\/\/hostnetart.com.br\/baixada\/wp-json\/wp\/v2\/posts\/16666\/revisions"}],"wp:featuredmedia":[{"embeddable":true,"href":"https:\/\/hostnetart.com.br\/baixada\/wp-json\/wp\/v2\/media\/16665"}],"wp:attachment":[{"href":"https:\/\/hostnetart.com.br\/baixada\/wp-json\/wp\/v2\/media?parent=16666"}],"wp:term":[{"taxonomy":"category","embeddable":true,"href":"https:\/\/hostnetart.com.br\/baixada\/wp-json\/wp\/v2\/categories?post=16666"},{"taxonomy":"post_tag","embeddable":true,"href":"https:\/\/hostnetart.com.br\/baixada\/wp-json\/wp\/v2\/tags?post=16666"}],"curies":[{"name":"wp","href":"https:\/\/api.w.org\/{rel}","templated":true}]}}