{"id":16664,"date":"2025-08-15T16:27:38","date_gmt":"2025-08-15T19:27:38","guid":{"rendered":"https:\/\/hostnetart.com.br\/baixada\/encontro-nacional-dos-funcionarios-do-bradesco-acontece-em-22-de-agosto-em-sao-paulo\/"},"modified":"2025-08-15T16:27:38","modified_gmt":"2025-08-15T19:27:38","slug":"encontro-nacional-dos-funcionarios-do-bradesco-acontece-em-22-de-agosto-em-sao-paulo","status":"publish","type":"post","link":"https:\/\/hostnetart.com.br\/baixada\/encontro-nacional-dos-funcionarios-do-bradesco-acontece-em-22-de-agosto-em-sao-paulo\/","title":{"rendered":"Encontro Nacional dos Funcion\u00e1rios do Bradesco acontece em 22 de agosto em S\u00e3o Paulo"},"content":{"rendered":"<section class=\"page-wrapper\">\n<div class=\"page-wrapper__container container\">\n<article class=\"article-content\">\n<section class=\"news-details\">\n<div class=\"news-details__body\">\n<div class=\"news-details__main-content\">\n<div class=\"news-details__main-text visible\">\n<p>A programa\u00e7\u00e3o do Encontro Nacional dos Funcion\u00e1rios do Bradesco j\u00e1 est\u00e1 definida. O evento ser\u00e1 realizado no dia 22 de agosto de 2025, no Hotel Holiday Inn Parque Anhembi, em S\u00e3o Paulo (SP), reunindo representantes da categoria de todo o pa\u00eds para debater os desafios e perspectivas para o futuro.<\/p>\n<p>A atividade faz parte da agenda de eventos que acontecem de 21 a 24 de agosto, na capital paulista.<\/p>\n<p>Para a coordenadora da COE Bradesco, Erica Oliveira, o encontro ser\u00e1 um momento estrat\u00e9gico. \u201cTeremos um dia inteiro para analisar os desafios que enfrentamos no Bradesco e refletir sobre como o banco est\u00e1 inserido no atual cen\u00e1rio. A situa\u00e7\u00e3o n\u00e3o \u00e9 boa: convivemos com muitas demiss\u00f5es e o fechamento de ag\u00eancias m\u00eas a m\u00eas. Nosso objetivo \u00e9 proteger o emprego, preservar direitos e avan\u00e7ar em outras pautas importantes para a categoria. Este encontro ser\u00e1 fundamental para fortalecer nossa luta.\u201d<\/p>\n<h2><strong>Programa\u00e7\u00e3o<\/strong><\/h2>\n<section class=\"block__image\">\n<div class=\"container block__image-container--xl\"><img fetchpriority=\"high\" decoding=\"async\" class=\"alignnone size-full wp-image-28119\" src=\"https:\/\/fetrafrjes.org.br\/wp-content\/uploads\/2025\/08\/Encontro-Nacional-dos-Funcionarios-do-Bradesco-acontece-em-22-de-agosto-em-Sao-Paulo-2-scaled.jpg\" alt=\"\" width=\"1138\" height=\"2560\" \/><\/div>\n<\/section>\n<\/div>\n<\/div>\n<\/div>\n<\/section>\n<\/article>\n<\/div>\n<\/section>\n<p><strong>Fonte: Contraf-CUT<\/strong><\/p>\n","protected":false},"excerpt":{"rendered":"<p>A programa\u00e7\u00e3o do Encontro Nacional dos Funcion\u00e1rios do Bradesco j\u00e1 est\u00e1 definida. O evento ser\u00e1 realizado no dia 22 de agosto de 2025, no Hotel Holiday Inn Parque Anhembi, em S\u00e3o Paulo (SP), reunindo representantes da categoria de todo o pa\u00eds para debater os desafios e perspectivas para o futuro. A atividade faz parte da [&hellip;]<\/p>\n","protected":false},"author":2,"featured_media":16663,"comment_status":"","ping_status":"","sticky":false,"template":"","format":"standard","meta":{"footnotes":""},"categories":[3],"tags":[],"class_list":["post-16664","post","type-post","status-publish","format-standard","has-post-thumbnail","hentry","category-noticias"],"_links":{"self":[{"href":"https:\/\/hostnetart.com.br\/baixada\/wp-json\/wp\/v2\/posts\/16664","targetHints":{"allow":["GET"]}}],"collection":[{"href":"https:\/\/hostnetart.com.br\/baixada\/wp-json\/wp\/v2\/posts"}],"about":[{"href":"https:\/\/hostnetart.com.br\/baixada\/wp-json\/wp\/v2\/types\/post"}],"author":[{"embeddable":true,"href":"https:\/\/hostnetart.com.br\/baixada\/wp-json\/wp\/v2\/users\/2"}],"replies":[{"embeddable":true,"href":"https:\/\/hostnetart.com.br\/baixada\/wp-json\/wp\/v2\/comments?post=16664"}],"version-history":[{"count":0,"href":"https:\/\/hostnetart.com.br\/baixada\/wp-json\/wp\/v2\/posts\/16664\/revisions"}],"wp:featuredmedia":[{"embeddable":true,"href":"https:\/\/hostnetart.com.br\/baixada\/wp-json\/wp\/v2\/media\/16663"}],"wp:attachment":[{"href":"https:\/\/hostnetart.com.br\/baixada\/wp-json\/wp\/v2\/media?parent=16664"}],"wp:term":[{"taxonomy":"category","embeddable":true,"href":"https:\/\/hostnetart.com.br\/baixada\/wp-json\/wp\/v2\/categories?post=16664"},{"taxonomy":"post_tag","embeddable":true,"href":"https:\/\/hostnetart.com.br\/baixada\/wp-json\/wp\/v2\/tags?post=16664"}],"curies":[{"name":"wp","href":"https:\/\/api.w.org\/{rel}","templated":true}]}}